{"id":41516,"date":"2016-02-09T15:08:12","date_gmt":"2016-02-09T14:08:12","guid":{"rendered":"http:\/\/2horizontes.com\/?p=41516"},"modified":"2016-02-09T15:08:12","modified_gmt":"2016-02-09T14:08:12","slug":"hija-adolescente-de-michael-jackson-siembra-dudas-sobre-posible-alcoholismo","status":"publish","type":"post","link":"https:\/\/2horizontes.com\/?p=41516","title":{"rendered":"Hija adolescente de Michael Jackson siembra dudas sobre posible alcoholismo"},"content":{"rendered":"<p>Paris Jackson, la hija del fallecido \u00abRey del pop\u00bb, sembr\u00f3 dudas respecto a su salud, pues a trav\u00e9s de las redes sociales revel\u00f3 que a sus 17 a\u00f1os es alcoh\u00f3lica. La adolescente dio a conocer el diagn\u00f3stico en un tono ir\u00f3nico por lo que se desconoce si se trat\u00f3 de una verdadera confesi\u00f3n o fue s\u00f3lo una manera de defenderse de quienes cuestionan su vida privada.<\/p>\n<p>Seg\u00fan indic\u00f3 ABC News, la joven public\u00f3 en su cuenta de Instagram una imagen acompa\u00f1ada de un mensaje, en el que contaba a sus seguidores que se encontraba luchando con su adicci\u00f3n. M\u00e1s tarde la foto fue eliminada de la cuenta.<\/p>\n<p>\u00abSe espera que yo me quede, literalmente, sentada&#8230; todo el d\u00eda contestando los comentarios que la gente me deja (\u00bfpositivos o negativos?) Tengo reuniones de AA a las que ir\u00bb, asegur\u00f3, refiri\u00e9ndose aparentemente a Alcoh\u00f3licos An\u00f3nimos.<\/p>\n<p>Adem\u00e1s, se refiri\u00f3 al peso de la fama tras su intento de suicidio en 2013 y arremeti\u00f3 contra las expectativas de terceros, alegando que ella est\u00e1 enfrentando el mismo tipo de presi\u00f3n que tuvo su difunto padre.<\/p>\n<p>\u00abCuando ten\u00eda 14 a\u00f1os, la gente peleaba tanto y enviaba mucho odio, al punto que termin\u00e9 siendo suicida (&#8230;) Las expectativas sobre mi padre son rid\u00edculas. \u00c9l no les deb\u00eda nada, sin embargo, lo despedazaron a diario. No dejar\u00e9 que eso me pase a m\u00ed\u00bb, escribi\u00f3 la joven.<\/p>\n<p>El Nacional<\/p>\n","protected":false},"excerpt":{"rendered":"<p>Paris Jackson, la hija del fallecido \u00abRey del pop\u00bb, sembr\u00f3 dudas respecto a su salud, pues a trav\u00e9s de las redes sociales revel\u00f3 que a sus 17 a\u00f1os es alcoh\u00f3lica. La adolescente dio a conocer el diagn\u00f3stico en un tono ir\u00f3nico por lo que se desconoce si se trat\u00f3 de una verdadera confesi\u00f3n o fue [&hellip;]<\/p>\n","protected":false},"author":13240,"featured_media":41517,"comment_status":"open","ping_status":"open","sticky":false,"template":"","format":"standard","meta":{"footnotes":""},"categories":[1,40],"tags":[],"class_list":["post-41516","post","type-post","status-publish","format-standard","has-post-thumbnail","hentry","category-entretenimiento","category-internacionales"],"_links":{"self":[{"href":"https:\/\/2horizontes.com\/index.php?rest_route=\/wp\/v2\/posts\/41516","targetHints":{"allow":["GET"]}}],"collection":[{"href":"https:\/\/2horizontes.com\/index.php?rest_route=\/wp\/v2\/posts"}],"about":[{"href":"https:\/\/2horizontes.com\/index.php?rest_route=\/wp\/v2\/types\/post"}],"author":[{"embeddable":true,"href":"https:\/\/2horizontes.com\/index.php?rest_route=\/wp\/v2\/users\/13240"}],"replies":[{"embeddable":true,"href":"https:\/\/2horizontes.com\/index.php?rest_route=%2Fwp%2Fv2%2Fcomments&post=41516"}],"version-history":[{"count":1,"href":"https:\/\/2horizontes.com\/index.php?rest_route=\/wp\/v2\/posts\/41516\/revisions"}],"predecessor-version":[{"id":41518,"href":"https:\/\/2horizontes.com\/index.php?rest_route=\/wp\/v2\/posts\/41516\/revisions\/41518"}],"wp:featuredmedia":[{"embeddable":true,"href":"https:\/\/2horizontes.com\/index.php?rest_route=\/wp\/v2\/media\/41517"}],"wp:attachment":[{"href":"https:\/\/2horizontes.com\/index.php?rest_route=%2Fwp%2Fv2%2Fmedia&parent=41516"}],"wp:term":[{"taxonomy":"category","embeddable":true,"href":"https:\/\/2horizontes.com\/index.php?rest_route=%2Fwp%2Fv2%2Fcategories&post=41516"},{"taxonomy":"post_tag","embeddable":true,"href":"https:\/\/2horizontes.com\/index.php?rest_route=%2Fwp%2Fv2%2Ftags&post=41516"}],"curies":[{"name":"wp","href":"https:\/\/api.w.org\/{rel}","templated":true}]}}