{"id":41456,"date":"2016-02-08T20:29:35","date_gmt":"2016-02-08T19:29:35","guid":{"rendered":"http:\/\/2horizontes.com\/?p=41456"},"modified":"2016-02-08T20:29:35","modified_gmt":"2016-02-08T19:29:35","slug":"onamet-pronostica-lluvias-debiles-y-calor-para-este-lunes-rd","status":"publish","type":"post","link":"https:\/\/2horizontes.com\/?p=41456","title":{"rendered":"Onamet pronostica lluvias d\u00e9biles y calor para este lunes RD"},"content":{"rendered":"<div>\n<p>RD- SANTO DOMINGO-La Oficina Nacional de Meteorolog\u00eda -Onamet- pronostic\u00f3 que este lunes continuar\u00e1n produci\u00e9ndose lluvias d\u00e9biles, las cuales podr\u00edan ser moderadas por breves momentos sobre algunas provincias del pa\u00eds.<\/p>\n<p>Estas precipitaciones ser\u00e1n m\u00e1s frecuentes en la tarde hacia las provincias Montecristi, Santiago Rodr\u00edguez, Valverde, Santiago, Saman\u00e1, Mar\u00eda Trinidad S\u00e1nchez, Espaillat, Monse\u00f1or Nouel, La Vega, Duarte, Puerto Plata, Monte Plata, Hato Mayor, El Seibo, Azua y Barahona.<\/p>\n<p>Esta condici\u00f3n se debe a un \u00a0sistema frontal que se localiza en la porci\u00f3n m\u00e1s oriental de Cuba, el cual se est\u00e1 moviendo lentamente hacia el Este, manteniendo una vaguada pre-frontal sobre el territorio nacional. El cielo estar\u00e1 medio nublado a nublado, de acuerdo al organismo.<\/p>\n<\/div>\n<p>Las temperaturas\u00a0 estar\u00e1n calurosas en el d\u00eda y \u201cagradables\u201d en la noche y madrugada del martes, especialmente en zonas monta\u00f1as. La m\u00e1xima estar\u00e1 entre los 29 grados y los 31 grados y la m\u00ednima entre los 21 y los 23 grados.<\/p>\n<div>\n<p>Para ma\u00f1ana, el sistema frontal se localizar\u00e1 sobre Hait\u00ed y su campo nuboso empezar\u00e1 a penetrar en la Rep\u00fablica Dominicana, incrementando las precipitaciones sobre las regiones Noroeste, Norte, Noreste, Sureste y la Cordillera Central.<\/p>\n<p>El mi\u00e9rcoles el sistema frontal se estacionar\u00e1 sobre el territorio nacional y las lluvias ser\u00e1n m\u00e1s intensas en gran parte del pa\u00eds.<\/p>\n<\/div>\n<p>Meteorolog\u00eda recomienda a las fr\u00e1giles y peque\u00f1as embarcaciones en la costa Atl\u00e1ntica y caribe\u00f1a que deben navegar con precauci\u00f3n cerca del per\u00edmetro costero y no aventurarse mar adentro, debido a olas anormales.<\/p>\n<p>&nbsp;<\/p>\n","protected":false},"excerpt":{"rendered":"<p>RD- SANTO DOMINGO-La Oficina Nacional de Meteorolog\u00eda -Onamet- pronostic\u00f3 que este lunes continuar\u00e1n produci\u00e9ndose lluvias d\u00e9biles, las cuales podr\u00edan ser moderadas por breves momentos sobre algunas provincias del pa\u00eds. Estas precipitaciones ser\u00e1n m\u00e1s frecuentes en la tarde hacia las provincias Montecristi, Santiago Rodr\u00edguez, Valverde, Santiago, Saman\u00e1, Mar\u00eda Trinidad S\u00e1nchez, Espaillat, Monse\u00f1or Nouel, La Vega, Duarte, [&hellip;]<\/p>\n","protected":false},"author":8,"featured_media":38205,"comment_status":"open","ping_status":"open","sticky":false,"template":"","format":"standard","meta":{"footnotes":""},"categories":[53,44],"tags":[],"class_list":["post-41456","post","type-post","status-publish","format-standard","has-post-thumbnail","hentry","category-provincias","category-republica-dominicana"],"_links":{"self":[{"href":"https:\/\/2horizontes.com\/index.php?rest_route=\/wp\/v2\/posts\/41456","targetHints":{"allow":["GET"]}}],"collection":[{"href":"https:\/\/2horizontes.com\/index.php?rest_route=\/wp\/v2\/posts"}],"about":[{"href":"https:\/\/2horizontes.com\/index.php?rest_route=\/wp\/v2\/types\/post"}],"author":[{"embeddable":true,"href":"https:\/\/2horizontes.com\/index.php?rest_route=\/wp\/v2\/users\/8"}],"replies":[{"embeddable":true,"href":"https:\/\/2horizontes.com\/index.php?rest_route=%2Fwp%2Fv2%2Fcomments&post=41456"}],"version-history":[{"count":1,"href":"https:\/\/2horizontes.com\/index.php?rest_route=\/wp\/v2\/posts\/41456\/revisions"}],"predecessor-version":[{"id":41457,"href":"https:\/\/2horizontes.com\/index.php?rest_route=\/wp\/v2\/posts\/41456\/revisions\/41457"}],"wp:featuredmedia":[{"embeddable":true,"href":"https:\/\/2horizontes.com\/index.php?rest_route=\/wp\/v2\/media\/38205"}],"wp:attachment":[{"href":"https:\/\/2horizontes.com\/index.php?rest_route=%2Fwp%2Fv2%2Fmedia&parent=41456"}],"wp:term":[{"taxonomy":"category","embeddable":true,"href":"https:\/\/2horizontes.com\/index.php?rest_route=%2Fwp%2Fv2%2Fcategories&post=41456"},{"taxonomy":"post_tag","embeddable":true,"href":"https:\/\/2horizontes.com\/index.php?rest_route=%2Fwp%2Fv2%2Ftags&post=41456"}],"curies":[{"name":"wp","href":"https:\/\/api.w.org\/{rel}","templated":true}]}}