{"id":41454,"date":"2016-02-08T20:23:09","date_gmt":"2016-02-08T19:23:09","guid":{"rendered":"http:\/\/2horizontes.com\/?p=41454"},"modified":"2016-02-08T20:23:09","modified_gmt":"2016-02-08T19:23:09","slug":"hombre-mata-a-cuchilladas-a-su-mujer-en-puerto-plata-rd","status":"publish","type":"post","link":"https:\/\/2horizontes.com\/?p=41454","title":{"rendered":"Hombre mata a cuchilladas a su mujer en Puerto Plata RD"},"content":{"rendered":"<p>RD- PUERTO PLATA-Un hombre ultim\u00f3 a cuchilladas a su pareja sentimental supuestamente durante una discusi\u00f3n en la que tambi\u00e9n el agresor result\u00f3 herido junto a otra persona.<br \/>\nEl hecho ocurri\u00f3 la noche del domingo en la comunidad El callej\u00f3n de la Loma, del distrito municipal Cabarete, en Sos\u00faa, \u00a0provincia de Puerto Plata.<\/p>\n<p>La v\u00edctima fue identificada como Dahiana Garc\u00eda Pe\u00f1a, de 34 a\u00f1os, \u00a0y el agresor Jos\u00e9 Garc\u00eda Aquino.<\/p>\n<p>Pe\u00f1a Garc\u00eda presenta varias estocadas que le fueron ocasionadas con un cuchillo de los denominados col\u00edn.<\/p>\n<p>La mujer falleci\u00f3 mientras recib\u00eda atenciones en la cl\u00ednica Samuel V\u00e1squez, de Cabarete.<\/p>\n<p>Mientras que Jos\u00e9 Garc\u00eda Aquino presenta heridas en la cara y la cabeza, debido a que fue cortado por un botellazo propinado por su pareja sentimental.<\/p>\n<p>Se inform\u00f3 que una tercera persona result\u00f3 herida, pero no fue identificada.<\/p>\n<p>&nbsp;<\/p>\n","protected":false},"excerpt":{"rendered":"<p>RD- PUERTO PLATA-Un hombre ultim\u00f3 a cuchilladas a su pareja sentimental supuestamente durante una discusi\u00f3n en la que tambi\u00e9n el agresor result\u00f3 herido junto a otra persona. El hecho ocurri\u00f3 la noche del domingo en la comunidad El callej\u00f3n de la Loma, del distrito municipal Cabarete, en Sos\u00faa, \u00a0provincia de Puerto Plata. La v\u00edctima fue [&hellip;]<\/p>\n","protected":false},"author":8,"featured_media":13561,"comment_status":"open","ping_status":"open","sticky":false,"template":"","format":"standard","meta":{"footnotes":""},"categories":[53,44],"tags":[],"class_list":["post-41454","post","type-post","status-publish","format-standard","has-post-thumbnail","hentry","category-provincias","category-republica-dominicana"],"_links":{"self":[{"href":"https:\/\/2horizontes.com\/index.php?rest_route=\/wp\/v2\/posts\/41454","targetHints":{"allow":["GET"]}}],"collection":[{"href":"https:\/\/2horizontes.com\/index.php?rest_route=\/wp\/v2\/posts"}],"about":[{"href":"https:\/\/2horizontes.com\/index.php?rest_route=\/wp\/v2\/types\/post"}],"author":[{"embeddable":true,"href":"https:\/\/2horizontes.com\/index.php?rest_route=\/wp\/v2\/users\/8"}],"replies":[{"embeddable":true,"href":"https:\/\/2horizontes.com\/index.php?rest_route=%2Fwp%2Fv2%2Fcomments&post=41454"}],"version-history":[{"count":1,"href":"https:\/\/2horizontes.com\/index.php?rest_route=\/wp\/v2\/posts\/41454\/revisions"}],"predecessor-version":[{"id":41455,"href":"https:\/\/2horizontes.com\/index.php?rest_route=\/wp\/v2\/posts\/41454\/revisions\/41455"}],"wp:featuredmedia":[{"embeddable":true,"href":"https:\/\/2horizontes.com\/index.php?rest_route=\/wp\/v2\/media\/13561"}],"wp:attachment":[{"href":"https:\/\/2horizontes.com\/index.php?rest_route=%2Fwp%2Fv2%2Fmedia&parent=41454"}],"wp:term":[{"taxonomy":"category","embeddable":true,"href":"https:\/\/2horizontes.com\/index.php?rest_route=%2Fwp%2Fv2%2Fcategories&post=41454"},{"taxonomy":"post_tag","embeddable":true,"href":"https:\/\/2horizontes.com\/index.php?rest_route=%2Fwp%2Fv2%2Ftags&post=41454"}],"curies":[{"name":"wp","href":"https:\/\/api.w.org\/{rel}","templated":true}]}}