{"id":41401,"date":"2016-02-08T15:16:48","date_gmt":"2016-02-08T14:16:48","guid":{"rendered":"http:\/\/2horizontes.com\/?p=41401"},"modified":"2016-02-08T15:16:48","modified_gmt":"2016-02-08T14:16:48","slug":"ricardo-andres-el-nino-que-murio-en-espera-de-medicinas-oncologicas","status":"publish","type":"post","link":"https:\/\/2horizontes.com\/?p=41401","title":{"rendered":"Ricardo Andr\u00e9s: El ni\u00f1o que muri\u00f3 en espera de medicinas oncol\u00f3gicas"},"content":{"rendered":"<p>Ricardo Andr\u00e9s Medina falleci\u00f3 el 14 de diciembre del a\u00f1o 2015, debido a un c\u00e1ncer de pulm\u00f3n. Su familia admiti\u00f3 haber pasado por la agon\u00eda de no encontrar los medicamentos que necesitaba para tratarlo un mes antes, cuando ya su supervivencia como paciente se vio mermada por la escasez de medicinas.<\/p>\n<p>Quien puso el caso frente a la opini\u00f3n p\u00fablica fue su padre, Richard Medina. Al manifestar en numerosas ocasiones que su deseo es ser la voz de los pacientes oncol\u00f3gicos y sus familiares, quienes por miedo y otras por exclusi\u00f3n, no sienten que haya un espacio para denunciar.<\/p>\n<p>\u201cMi intenci\u00f3n no es que el Poder Ejecutivo o el Legislativo solo hablen de mi caso, no hay nada que me puedan retribuir. Pero como venezolano y padre de otros dos ni\u00f1os exijo que se tome en cuenta las miles de personas que no han fallecido y tienen la oportunidad de sobrevivir\u201d, manifest\u00f3 en una entrevista a <strong>El Nacional Web<\/strong>.<\/p>\n<p><strong>\u00bfQui\u00e9n era Ricardo Andr\u00e9s?<\/strong><\/p>\n<p>Ricardo Andr\u00e9s ten\u00eda tres a\u00f1os de edad, su padre lo describe como un ni\u00f1o simp\u00e1tico y optimista, que a pesar de su situaci\u00f3n, era feliz.<\/p>\n<p>\u201c\u00c9l iba a una escuelita que estaba all\u00ed dentro del hospital, se emocionaba mucho cuando llegaba la maestra, \u00e9l quer\u00eda hacer tarea, quer\u00eda dibujar, quer\u00eda pintar; cuando estaba en la casa era feliz con sus hermanos, siempre disfrutaba el entorno en el que estaba\u201d, expres\u00f3.<\/p>\n<p><strong>\u00bfCu\u00e1ndo fue diagnosticado?<\/strong><\/p>\n<p>\u201cHace un a\u00f1o, en enero de 2015, cuando empez\u00f3 con una dificultad respiratoria. Lo llevamos a la pediatra, ella presumi\u00f3 una neumon\u00eda, nos remiti\u00f3 al hospital Algodonal, donde le suministraron tratamiento y luego a trav\u00e9s de radiograf\u00edas detectaron una masa anormal. Tramitamos la ida de Ricardo al hospital militar, a la parte de oncolog\u00eda pedi\u00e1trica, previniendo que la masa era c\u00e1ncer, aunque no ten\u00edamos a\u00fan el diagnostico de la biopsia\u201d, narr\u00f3.<\/p>\n<p>Sus allegados vieron\u00a0 como los s\u00edntomas se intensificaron antes de poder llegar al Hospital Militar. Falta de respiraci\u00f3n, decaimiento generalizado y un cansancio constante, eran las limitantes del infante, un cuadro de salud similar al de una neumon\u00eda y que lo limitaba para desenvolverse cada d\u00eda.<\/p>\n<p>Ricardo lleg\u00f3 al centro de salud en condiciones graves, en las que no daba mucha esperanza a su progenitor. Amerit\u00f3 una quimioterapia de emergencia que tuvo un buen efecto en su salud.<\/p>\n<p>\u201cA los pocos d\u00edas el tumor disminuy\u00f3, empezaron a verse los cambios: Se pod\u00eda mover un poco mejor, la respiraci\u00f3n era mucho m\u00e1s c\u00f3moda, y as\u00ed fue evolucionando Ricardo poco a poco a lo largo de todo el a\u00f1o, e inclusive, a finales de octubre, estaba la posibilidad de que fuera sano. El tumor parec\u00eda estar eliminado\u201d, continu\u00f3.<\/p>\n<p>A mediados de octubre, hab\u00eda una expectativa positiva por parte de familiares y especialistas. Richard Medina indic\u00f3 que para esa fecha contaba con casi todos los medicamentos, los cuales adquir\u00eda por la farmacia de alto costo, Badam y la Fundaci\u00f3n Amigos del Ni\u00f1o con C\u00e1ncer.<\/p>\n<p>Pero la oferta del Estado, principal importador tanto de insumos como de productos terminados disminuy\u00f3 y la carencia de medicinas coincidi\u00f3 con la reca\u00edda de su peque\u00f1o en noviembre de 2015.<\/p>\n<p>\u201cLe dieron de alta. Le hicimos una tomograf\u00eda, en la que se determinar\u00eda si no ten\u00eda el tumor. Esperando los resultados del examen, Ricardo empez\u00f3 a sentirse mal nuevamente y lo llevamos de nuevo al hospital. Al recibir los resultados, y para desgracia de todos, el tumor se hab\u00eda reactivado en otras partes, all\u00ed es cuando comenzamos la agon\u00eda, porque ya no hab\u00eda medicamentos\u201d, prosigui\u00f3.<\/p>\n<p><strong>Pocos f\u00e1rmacos y deficiencias en el servicio<\/strong><\/p>\n<p>Para mediados de noviembre, el ni\u00f1o presentaba una fiebre que era tratada con pa\u00f1os h\u00famedos por falta de antifebriles. Los efectos secundarios de la quimioterapia tambi\u00e9n requer\u00edan f\u00e1rmacos que no se hallaban, como es el caso de los que protegen el coraz\u00f3n.<\/p>\n<p>\u201cObviamente si t\u00fa tienes un tumor dentro de tu pecho, te est\u00e1 presionando, por tanto tu coraz\u00f3n no late como debe, eso te disminuye la posibilidad de vivir, reduce la calidad de vida y aumenta el riesgo de muerte\u201d, se\u00f1al\u00f3.<\/p>\n<p>Recalc\u00f3 que la lista de afectados que necesitan medicamentos oncol\u00f3gicos es enorme. Una prueba son las constantes peticiones que circulan en redes sociales como Twitter. A su juicio, la problem\u00e1tica necesita ser atendida por el Ministerio de Salud, m\u00e1s all\u00e1 que la Asamblea Nacional lo haya aceptado como una crisis humanitaria.<\/p>\n<p>\u201cHasta diciembre fue el padecimiento y el viacrucis total para encontrar las medicinas: No ten\u00edamos para la fiebre en el hospital, las soluciones para la hidrataci\u00f3n, cat\u00e9teres, agujas, los centros de cama; todo ten\u00edamos que llevarlo\u201d, asegur\u00f3.<\/p>\n<p>Si bien el representante de Ricardo acept\u00f3 que el c\u00e1ncer de su hijo era muy fuerte, explic\u00f3 que de haberse suministrado los protocolos m\u00e9dicos a tiempo, su salud se habr\u00eda estabilizado.<\/p>\n<p>\u201cHab\u00eda un desgane de los doctores. Siempre hubo esa preferencia a los pacientes vinculados a los militares, pero se afianz\u00f3 m\u00e1s en esta oportunidad. Cuando les ped\u00eda las indicaciones para conseguir los remedios, demoraban para d\u00e1rmelas, al decirme que me las dar\u00edan despu\u00e9s o para el d\u00eda siguiente\u201d, denunci\u00f3.<\/p>\n<p><strong>En medio de la pol\u00edtica<\/strong><\/p>\n<p>El 26 de enero, el Parlamento aprob\u00f3 la crisis humanitaria del sector salud, debido al agravado desabastecimiento de insumos y f\u00e1rmacos, ubicado en 80% de las farmacias y centros de salud.<\/p>\n<p>El Ejecutivo, encargado de concretar los exhortos de la asamblea, no ha emitido pronunciamientos al respecto. A criterio de Richard, el gobierno debe enfocarse en construir hospitales especializados y solventar la crisis en uni\u00f3n con otros sectores de la sociedad.<\/p>\n<p>\u201cCuando intervine en el hemiciclo, los diputados del oficialistas me gritaron, me insultaron, no ten\u00eda sentido que lo hicieran si no estaban de acuerdo, su opci\u00f3n era callarse. Yo no soy un diputado, no soy pol\u00edtico, no estoy pensando en pol\u00edtica\u201d, concluy\u00f3.<\/p>\n","protected":false},"excerpt":{"rendered":"<p>Ricardo Andr\u00e9s Medina falleci\u00f3 el 14 de diciembre del a\u00f1o 2015, debido a un c\u00e1ncer de pulm\u00f3n. Su familia admiti\u00f3 haber pasado por la agon\u00eda de no encontrar los medicamentos que necesitaba para tratarlo un mes antes, cuando ya su supervivencia como paciente se vio mermada por la escasez de medicinas. Quien puso el caso [&hellip;]<\/p>\n","protected":false},"author":13240,"featured_media":41403,"comment_status":"open","ping_status":"open","sticky":false,"template":"","format":"standard","meta":{"footnotes":""},"categories":[40,45,48],"tags":[],"class_list":["post-41401","post","type-post","status-publish","format-standard","has-post-thumbnail","hentry","category-internacionales","category-salud","category-venezuela"],"_links":{"self":[{"href":"https:\/\/2horizontes.com\/index.php?rest_route=\/wp\/v2\/posts\/41401","targetHints":{"allow":["GET"]}}],"collection":[{"href":"https:\/\/2horizontes.com\/index.php?rest_route=\/wp\/v2\/posts"}],"about":[{"href":"https:\/\/2horizontes.com\/index.php?rest_route=\/wp\/v2\/types\/post"}],"author":[{"embeddable":true,"href":"https:\/\/2horizontes.com\/index.php?rest_route=\/wp\/v2\/users\/13240"}],"replies":[{"embeddable":true,"href":"https:\/\/2horizontes.com\/index.php?rest_route=%2Fwp%2Fv2%2Fcomments&post=41401"}],"version-history":[{"count":1,"href":"https:\/\/2horizontes.com\/index.php?rest_route=\/wp\/v2\/posts\/41401\/revisions"}],"predecessor-version":[{"id":41404,"href":"https:\/\/2horizontes.com\/index.php?rest_route=\/wp\/v2\/posts\/41401\/revisions\/41404"}],"wp:featuredmedia":[{"embeddable":true,"href":"https:\/\/2horizontes.com\/index.php?rest_route=\/wp\/v2\/media\/41403"}],"wp:attachment":[{"href":"https:\/\/2horizontes.com\/index.php?rest_route=%2Fwp%2Fv2%2Fmedia&parent=41401"}],"wp:term":[{"taxonomy":"category","embeddable":true,"href":"https:\/\/2horizontes.com\/index.php?rest_route=%2Fwp%2Fv2%2Fcategories&post=41401"},{"taxonomy":"post_tag","embeddable":true,"href":"https:\/\/2horizontes.com\/index.php?rest_route=%2Fwp%2Fv2%2Ftags&post=41401"}],"curies":[{"name":"wp","href":"https:\/\/api.w.org\/{rel}","templated":true}]}}