{"id":41392,"date":"2016-02-08T15:12:13","date_gmt":"2016-02-08T14:12:13","guid":{"rendered":"http:\/\/2horizontes.com\/?p=41392"},"modified":"2016-02-08T15:12:13","modified_gmt":"2016-02-08T14:12:13","slug":"colombia-registra-mas-de-22-600-infectados-por-zika","status":"publish","type":"post","link":"https:\/\/2horizontes.com\/?p=41392","title":{"rendered":"Colombia registra m\u00e1s de 22.600 infectados por zika"},"content":{"rendered":"<p><strong>AFP \/ Bogot\u00e1<\/strong><\/p>\n<p>Colombia registra m\u00e1s de 22.600 infectados por zika y un \u00abfuerte aumento\u201d de Guillain-Barr\u00e9, s\u00edndrome relacionado con tres muertes por causas asociadas a este virus que afecta a gran parte de Am\u00e9rica Latina, seg\u00fan datos oficiales difundidos ayer.<\/p>\n<p>&nbsp;<\/p>\n<p>\u00abLos casos del s\u00edndrome de Guillain-Barr\u00e9 (SGB) frente al n\u00famero de casos que se ten\u00edan anteriormente (experimentaron) un incremento del 66%\u201d, dijo el presidente Juan Manuel Santos en una comparecencia en la que no se refiri\u00f3 a los fallecidos con antecedentes de zika y SGB -s\u00edndrome que ataca el sistema nervioso y puede producir par\u00e1lisis- confirmados el viernes por el Ministerio de Salud.<\/p>\n<p>&nbsp;<\/p>\n<p>De los 22.612 infectados de zika registrados hasta el 30 de enero, seg\u00fan las \u00faltimas cifras del Instituto Nacional de Salud, 2.824 corresponden a mujeres embarazadas, la poblaci\u00f3n m\u00e1s vulnerable ante el virus porque se sospecha que puede provocar en los fetos microcefalia -cerebro reducido-.<\/p>\n<p>&nbsp;<\/p>\n<p>\u00abEn cuanto a casos de beb\u00e9s nacidos con microcefalia de mujeres que han tenido zika, no se ha presentado ni un solo caso\u201d, agreg\u00f3 Santos.<\/p>\n<p>&nbsp;<\/p>\n<p>El primer caso de zika se registr\u00f3 en Colombia el 16 de octubre, por lo que las embarazadas contagiadas no han empezado a dar a luz hasta la fecha.<\/p>\n<p>&nbsp;<\/p>\n<p>Solo en las cuatro primeras semanas de 2016, casi 11.000 personas fueron infectadas con zika en Colombia, el segundo pa\u00eds m\u00e1s afectado por el virus despu\u00e9s de Brasil, con 1,5 millones de casos.<\/p>\n<p>&nbsp;<\/p>\n<p>Aunque en general los s\u00edntomas de esta enfermedad transmitida por un mosquito se consideran leves -fiebre baja, dolor de cabeza y articular o sarpullidos-, el ministro de Salud, Alejandro Gaviria, enfatiz\u00f3 la preocupaci\u00f3n del Gobierno de Colombia por la mortalidad vinculada al zika y al Guillain-Barr\u00e9.<\/p>\n<p>&nbsp;<\/p>\n<p>La ONU pidi\u00f3 el viernes a los pa\u00edses afectados por el zika que autoricen el aborto por los riesgos de microcefalia, una enfermedad cong\u00e9nita irreversible que provoca da\u00f1os en el desarrollo motor y cognitivo del ni\u00f1o.<\/p>\n<p>&nbsp;<\/p>\n<p>Las autoridades colombianas recomendaron en enero a las parejas posponer entre seis y ocho meses los embarazos.<\/p>\n<p>&nbsp;<\/p>\n<p>Un equipo de investigadores del estadounidense Centro para el Control y Prevenci\u00f3n de Enfermedades (CDC, por sus siglas en ingl\u00e9s) lleg\u00f3 a Colombia para investigar las repercusiones del zika en las zonas m\u00e1s afectadas por el virus.<\/p>\n<p>&nbsp;<\/p>\n<p>\u00abNos han ofrecido una tecnolog\u00eda para poder hacer una prueba mucho m\u00e1s precisa del tipo de enfermedades que puedan tener las personas contagiadas\u201d, dijo Santos en relaci\u00f3n con el equipo del CDC.<\/p>\n<p>&nbsp;<\/p>\n<p>Mujeres concentran el\u00a0 64,8% de los\u00a0 casos<\/p>\n<p>&nbsp;<\/p>\n<p>Cifras El virus del zika est\u00e1 presente en 205 municipios de Colombia, 43% de ellos en la regi\u00f3n central del pa\u00eds y 20,9% en el Caribe.\u00a0 Las mujeres concentran el 64,8% de los casos. Hay, adem\u00e1s, 3.033 casos sospechosos. Entre las embarazadas, 330 tienen resultados positivos de laboratorio.<\/p>\n<p>&nbsp;<\/p>\n<p>Microcefalia\u00a0\u00a0 En Colombia, se prev\u00e9n m\u00e1s de 600 mil\u00a0 infectados por el virus este a\u00f1o y medio millar de casos de microcefalia si se repite la situaci\u00f3n que vive Brasil, el pa\u00eds m\u00e1s afectado por esta epidemia, con m\u00e1s de un mill\u00f3n y medio de casos. El virus se est\u00e1\u00a0 expandiendo por todo el continente americano.<\/p>\n","protected":false},"excerpt":{"rendered":"<p>AFP \/ Bogot\u00e1 Colombia registra m\u00e1s de 22.600 infectados por zika y un \u00abfuerte aumento\u201d de Guillain-Barr\u00e9, s\u00edndrome relacionado con tres muertes por causas asociadas a este virus que afecta a gran parte de Am\u00e9rica Latina, seg\u00fan datos oficiales difundidos ayer. &nbsp; \u00abLos casos del s\u00edndrome de Guillain-Barr\u00e9 (SGB) frente al n\u00famero de casos que [&hellip;]<\/p>\n","protected":false},"author":7,"featured_media":41398,"comment_status":"open","ping_status":"open","sticky":false,"template":"","format":"standard","meta":{"footnotes":""},"categories":[50,40,45],"tags":[],"class_list":["post-41392","post","type-post","status-publish","format-standard","has-post-thumbnail","hentry","category-colombia","category-internacionales","category-salud"],"_links":{"self":[{"href":"https:\/\/2horizontes.com\/index.php?rest_route=\/wp\/v2\/posts\/41392","targetHints":{"allow":["GET"]}}],"collection":[{"href":"https:\/\/2horizontes.com\/index.php?rest_route=\/wp\/v2\/posts"}],"about":[{"href":"https:\/\/2horizontes.com\/index.php?rest_route=\/wp\/v2\/types\/post"}],"author":[{"embeddable":true,"href":"https:\/\/2horizontes.com\/index.php?rest_route=\/wp\/v2\/users\/7"}],"replies":[{"embeddable":true,"href":"https:\/\/2horizontes.com\/index.php?rest_route=%2Fwp%2Fv2%2Fcomments&post=41392"}],"version-history":[{"count":2,"href":"https:\/\/2horizontes.com\/index.php?rest_route=\/wp\/v2\/posts\/41392\/revisions"}],"predecessor-version":[{"id":41405,"href":"https:\/\/2horizontes.com\/index.php?rest_route=\/wp\/v2\/posts\/41392\/revisions\/41405"}],"wp:featuredmedia":[{"embeddable":true,"href":"https:\/\/2horizontes.com\/index.php?rest_route=\/wp\/v2\/media\/41398"}],"wp:attachment":[{"href":"https:\/\/2horizontes.com\/index.php?rest_route=%2Fwp%2Fv2%2Fmedia&parent=41392"}],"wp:term":[{"taxonomy":"category","embeddable":true,"href":"https:\/\/2horizontes.com\/index.php?rest_route=%2Fwp%2Fv2%2Fcategories&post=41392"},{"taxonomy":"post_tag","embeddable":true,"href":"https:\/\/2horizontes.com\/index.php?rest_route=%2Fwp%2Fv2%2Ftags&post=41392"}],"curies":[{"name":"wp","href":"https:\/\/api.w.org\/{rel}","templated":true}]}}