{"id":41379,"date":"2016-02-08T14:33:49","date_gmt":"2016-02-08T13:33:49","guid":{"rendered":"http:\/\/2horizontes.com\/?p=41379"},"modified":"2016-02-08T14:33:49","modified_gmt":"2016-02-08T13:33:49","slug":"seis-muertos-y-un-herido-deja-choque-entre-un-tren-y-un-automovil-en-chile","status":"publish","type":"post","link":"https:\/\/2horizontes.com\/?p=41379","title":{"rendered":"Seis muertos y un herido deja choque entre un tren y un autom\u00f3vil en Chile"},"content":{"rendered":"<div id=\"ArticleAuthorDiv\" class=\"article-body-author\"><b>AFP<\/b><\/div>\n<div id=\"ArticleSourceDiv\" class=\"article-body-author\"><b>Santiago<\/b><\/div>\n<div id=\"ArticleBody\">\n<p>Seis muertos y un herido grave dej\u00f3 este domingo una colisi\u00f3n entre un tren de carga y un autom\u00f3vil en el sur de Chile, informaron los bomberos.<\/p>\n<p>El tren de carga se dirig\u00eda hacia el sur cuando choc\u00f3 contra el veh\u00edculo, que aparentemente pretend\u00eda cruzar la v\u00eda f\u00e9rrea, y que fue arrastrado unos 200 metros, quedando totalmente destruido debajo de uno de los carros.<\/p>\n<p>El accidente ocurri\u00f3 en la localidad agr\u00edcola de San Javier, en la regi\u00f3n del Maule, unos 260 km al sur de Santiago.<\/p>\n<p>\u00abAl interior del veh\u00edculo hab\u00edan siete personas, cinco adultos y dos menores. Uno de los menores est\u00e1 grave, y los seis restantes murieron\u00bb, dijo el comandante de los Bomberos de San Javier, Mauricio Encina, a medios locales.<\/p>\n<p>El menor herido fue trasladado a un hospital de la zona, mientras que los restos de los fallecidos eran retirados por equipos de emergencia.<\/p>\n<p>Un fiscal acudi\u00f3 al lugar para iniciar la investigaci\u00f3n de las causas del fatal accidente.<\/p>\n<p>El cruce donde ocurri\u00f3 el choque era muy utilizado por veh\u00edculos pese a que no contaba con barreras de protecci\u00f3n ni se\u00f1ales.<\/p>\n<\/div>\n","protected":false},"excerpt":{"rendered":"<p>AFP Santiago Seis muertos y un herido grave dej\u00f3 este domingo una colisi\u00f3n entre un tren de carga y un autom\u00f3vil en el sur de Chile, informaron los bomberos. El tren de carga se dirig\u00eda hacia el sur cuando choc\u00f3 contra el veh\u00edculo, que aparentemente pretend\u00eda cruzar la v\u00eda f\u00e9rrea, y que fue arrastrado unos [&hellip;]<\/p>\n","protected":false},"author":7,"featured_media":41381,"comment_status":"open","ping_status":"open","sticky":false,"template":"","format":"standard","meta":{"footnotes":""},"categories":[40],"tags":[],"class_list":["post-41379","post","type-post","status-publish","format-standard","has-post-thumbnail","hentry","category-internacionales"],"_links":{"self":[{"href":"https:\/\/2horizontes.com\/index.php?rest_route=\/wp\/v2\/posts\/41379","targetHints":{"allow":["GET"]}}],"collection":[{"href":"https:\/\/2horizontes.com\/index.php?rest_route=\/wp\/v2\/posts"}],"about":[{"href":"https:\/\/2horizontes.com\/index.php?rest_route=\/wp\/v2\/types\/post"}],"author":[{"embeddable":true,"href":"https:\/\/2horizontes.com\/index.php?rest_route=\/wp\/v2\/users\/7"}],"replies":[{"embeddable":true,"href":"https:\/\/2horizontes.com\/index.php?rest_route=%2Fwp%2Fv2%2Fcomments&post=41379"}],"version-history":[{"count":1,"href":"https:\/\/2horizontes.com\/index.php?rest_route=\/wp\/v2\/posts\/41379\/revisions"}],"predecessor-version":[{"id":41382,"href":"https:\/\/2horizontes.com\/index.php?rest_route=\/wp\/v2\/posts\/41379\/revisions\/41382"}],"wp:featuredmedia":[{"embeddable":true,"href":"https:\/\/2horizontes.com\/index.php?rest_route=\/wp\/v2\/media\/41381"}],"wp:attachment":[{"href":"https:\/\/2horizontes.com\/index.php?rest_route=%2Fwp%2Fv2%2Fmedia&parent=41379"}],"wp:term":[{"taxonomy":"category","embeddable":true,"href":"https:\/\/2horizontes.com\/index.php?rest_route=%2Fwp%2Fv2%2Fcategories&post=41379"},{"taxonomy":"post_tag","embeddable":true,"href":"https:\/\/2horizontes.com\/index.php?rest_route=%2Fwp%2Fv2%2Ftags&post=41379"}],"curies":[{"name":"wp","href":"https:\/\/api.w.org\/{rel}","templated":true}]}}