{"id":41340,"date":"2016-02-08T11:37:32","date_gmt":"2016-02-08T10:37:32","guid":{"rendered":"http:\/\/2horizontes.com\/?p=41340"},"modified":"2016-02-08T11:37:32","modified_gmt":"2016-02-08T10:37:32","slug":"el-csd-retira-a-marta-dominguez-su-condicion-de-deportista-de-alto-nivel","status":"publish","type":"post","link":"https:\/\/2horizontes.com\/?p=41340","title":{"rendered":"El CSD retira a Marta Dom\u00ednguez su condici\u00f3n de deportista de alto nivel"},"content":{"rendered":"<p>El Tribunal Arbitral del Deporte (TAS) conden\u00f3 a Dom\u00ednguez por dopaje el pasado mes de noviembre, la sancion\u00f3 por tres a\u00f1os y orden\u00f3 anular todos sus resultados desde el 5 de agosto de 2009 hasta el 8 de julio de 2013.<\/p>\n<p>As\u00ed, perdi\u00f3 el oro mundial de 3.000 metros obst\u00e1culos que logr\u00f3 el 17 de agosto de 2009 y la plata en la misma prueba en los Europeos de Barcelona, conquistada el 20 de julio de 2010.<\/p>\n<p>La atleta hab\u00eda sido senadora del PP y volv\u00eda a figurar en sus listas para las generales de 2015, pero renunci\u00f3 poco antes de conocerse la sentencia. La Presidencia del Consejo Superior de Deportes le ha retirado la condici\u00f3n de deportista de alto nivel en una resoluci\u00f3n fechada el pasado 28 de enero.<\/p>\n<p>Seg\u00fan se\u00f1ala la resoluci\u00f3n publicada en el BOE, la decisi\u00f3n de retirarle la condici\u00f3n de deportista de alto nivel puede recurrirse en un plazo de dos meses, a partir de este martes, ante la Sala de lo Contencioso-administrativo de la Audiencia Nacional.<\/p>\n<p>Tambi\u00e9n cabe, potestativamente y con car\u00e1cter previo, recurso administrativo de reposici\u00f3n en el plazo de un mes ante el mismo \u00f3rgano que lo dict\u00f3.<\/p>\n","protected":false},"excerpt":{"rendered":"<p>El Tribunal Arbitral del Deporte (TAS) conden\u00f3 a Dom\u00ednguez por dopaje el pasado mes de noviembre, la sancion\u00f3 por tres a\u00f1os y orden\u00f3 anular todos sus resultados desde el 5 de agosto de 2009 hasta el 8 de julio de 2013. As\u00ed, perdi\u00f3 el oro mundial de 3.000 metros obst\u00e1culos que logr\u00f3 el 17 de [&hellip;]<\/p>\n","protected":false},"author":3,"featured_media":41341,"comment_status":"open","ping_status":"open","sticky":false,"template":"","format":"standard","meta":{"footnotes":""},"categories":[42],"tags":[],"class_list":["post-41340","post","type-post","status-publish","format-standard","has-post-thumbnail","hentry","category-deportes"],"_links":{"self":[{"href":"https:\/\/2horizontes.com\/index.php?rest_route=\/wp\/v2\/posts\/41340","targetHints":{"allow":["GET"]}}],"collection":[{"href":"https:\/\/2horizontes.com\/index.php?rest_route=\/wp\/v2\/posts"}],"about":[{"href":"https:\/\/2horizontes.com\/index.php?rest_route=\/wp\/v2\/types\/post"}],"author":[{"embeddable":true,"href":"https:\/\/2horizontes.com\/index.php?rest_route=\/wp\/v2\/users\/3"}],"replies":[{"embeddable":true,"href":"https:\/\/2horizontes.com\/index.php?rest_route=%2Fwp%2Fv2%2Fcomments&post=41340"}],"version-history":[{"count":1,"href":"https:\/\/2horizontes.com\/index.php?rest_route=\/wp\/v2\/posts\/41340\/revisions"}],"predecessor-version":[{"id":41342,"href":"https:\/\/2horizontes.com\/index.php?rest_route=\/wp\/v2\/posts\/41340\/revisions\/41342"}],"wp:featuredmedia":[{"embeddable":true,"href":"https:\/\/2horizontes.com\/index.php?rest_route=\/wp\/v2\/media\/41341"}],"wp:attachment":[{"href":"https:\/\/2horizontes.com\/index.php?rest_route=%2Fwp%2Fv2%2Fmedia&parent=41340"}],"wp:term":[{"taxonomy":"category","embeddable":true,"href":"https:\/\/2horizontes.com\/index.php?rest_route=%2Fwp%2Fv2%2Fcategories&post=41340"},{"taxonomy":"post_tag","embeddable":true,"href":"https:\/\/2horizontes.com\/index.php?rest_route=%2Fwp%2Fv2%2Ftags&post=41340"}],"curies":[{"name":"wp","href":"https:\/\/api.w.org\/{rel}","templated":true}]}}