{"id":41261,"date":"2016-02-07T11:10:00","date_gmt":"2016-02-07T10:10:00","guid":{"rendered":"http:\/\/2horizontes.com\/?p=41261"},"modified":"2016-02-07T11:10:00","modified_gmt":"2016-02-07T10:10:00","slug":"detienen-a-siete-presuntos-yihadistas-en-alicante-valencia-y-ceuta","status":"publish","type":"post","link":"https:\/\/2horizontes.com\/?p=41261","title":{"rendered":"Detienen a siete presuntos yihadistas en Alicante, Valencia y Ceuta"},"content":{"rendered":"<p>Seis personas fueron detenidas esta madrugada en las provincias de Alicante y Valencia, as\u00ed como en la ciudad aut\u00f3noma de Ceuta, por su presunta relaci\u00f3n con las organizaciones terroristas Jabhat al Nusra y Estado Isl\u00e1mico, inform\u00f3 el ministerio del Interior.<\/p>\n<p>Tras estas primeras detenciones, se ha practicado una nueva en Alicante dentro de la operaci\u00f3n que sigue abierta y dirige el juez de la Audiencia Nacional Eloy Velasco, con lo que ya son un total de siete detenidos. Por el momento, se desconoce la nacionalidad del \u00faltimo de los detenidos.<\/p>\n<p>Cuatro de los arrestados por agentes de la Comisar\u00eda General de Informaci\u00f3n de la Polic\u00eda Nacional son de nacionalidad espa\u00f1ola y or\u00edgenes sirio, jordano y marroqu\u00ed, mientras que los otros dos, residentes en Espa\u00f1a, son de nacionalidades siria y marroqu\u00ed, agreg\u00f3 un comunicado del ministerio.<\/p>\n<p>La investigaci\u00f3n policial, que comenz\u00f3 en 2014, ha permitido el desmantelamiento de una c\u00e9lula cuyos miembros se integran en la estructura exterior de las organizaciones terroristas de car\u00e1cter yihadista ubicadas en la zona sirio-iraqu\u00ed, Jabhat al Nusra (JaN), y Estado Isl\u00e1mico, mediante el suministro de material log\u00edstico imprescindible para el sostenimiento de sus actividades terroristas, seg\u00fan la nota.<\/p>\n","protected":false},"excerpt":{"rendered":"<p>Seis personas fueron detenidas esta madrugada en las provincias de Alicante y Valencia, as\u00ed como en la ciudad aut\u00f3noma de Ceuta, por su presunta relaci\u00f3n con las organizaciones terroristas Jabhat al Nusra y Estado Isl\u00e1mico, inform\u00f3 el ministerio del Interior. Tras estas primeras detenciones, se ha practicado una nueva en Alicante dentro de la operaci\u00f3n [&hellip;]<\/p>\n","protected":false},"author":3,"featured_media":41262,"comment_status":"open","ping_status":"open","sticky":false,"template":"","format":"standard","meta":{"footnotes":""},"categories":[85],"tags":[],"class_list":["post-41261","post","type-post","status-publish","format-standard","has-post-thumbnail","hentry","category-espana"],"_links":{"self":[{"href":"https:\/\/2horizontes.com\/index.php?rest_route=\/wp\/v2\/posts\/41261","targetHints":{"allow":["GET"]}}],"collection":[{"href":"https:\/\/2horizontes.com\/index.php?rest_route=\/wp\/v2\/posts"}],"about":[{"href":"https:\/\/2horizontes.com\/index.php?rest_route=\/wp\/v2\/types\/post"}],"author":[{"embeddable":true,"href":"https:\/\/2horizontes.com\/index.php?rest_route=\/wp\/v2\/users\/3"}],"replies":[{"embeddable":true,"href":"https:\/\/2horizontes.com\/index.php?rest_route=%2Fwp%2Fv2%2Fcomments&post=41261"}],"version-history":[{"count":1,"href":"https:\/\/2horizontes.com\/index.php?rest_route=\/wp\/v2\/posts\/41261\/revisions"}],"predecessor-version":[{"id":41263,"href":"https:\/\/2horizontes.com\/index.php?rest_route=\/wp\/v2\/posts\/41261\/revisions\/41263"}],"wp:featuredmedia":[{"embeddable":true,"href":"https:\/\/2horizontes.com\/index.php?rest_route=\/wp\/v2\/media\/41262"}],"wp:attachment":[{"href":"https:\/\/2horizontes.com\/index.php?rest_route=%2Fwp%2Fv2%2Fmedia&parent=41261"}],"wp:term":[{"taxonomy":"category","embeddable":true,"href":"https:\/\/2horizontes.com\/index.php?rest_route=%2Fwp%2Fv2%2Fcategories&post=41261"},{"taxonomy":"post_tag","embeddable":true,"href":"https:\/\/2horizontes.com\/index.php?rest_route=%2Fwp%2Fv2%2Ftags&post=41261"}],"curies":[{"name":"wp","href":"https:\/\/api.w.org\/{rel}","templated":true}]}}