{"id":41204,"date":"2016-02-06T16:32:30","date_gmt":"2016-02-06T15:32:30","guid":{"rendered":"http:\/\/2horizontes.com\/?p=41204"},"modified":"2016-02-06T16:32:30","modified_gmt":"2016-02-06T15:32:30","slug":"muere-el-astronauta-edgar-mitchell-el-sexto-hombre-en-pisar-la-luna","status":"publish","type":"post","link":"https:\/\/2horizontes.com\/?p=41204","title":{"rendered":"Muere el astronauta Edgar Mitchell, el sexto hombre en pisar la Luna"},"content":{"rendered":"<div id=\"ArticleAuthorDiv\" class=\"article-body-author\"><b>EFE<\/b><\/div>\n<div id=\"ArticleSourceDiv\" class=\"article-body-author\"><b>Miami (EE.UU.)<\/b><\/div>\n<div id=\"ArticleBody\">\n<p>El astronauta Edgar Mitchell, integrante de la expedici\u00f3n del Apolo 14 y el sexto hombre en pisar la superficie lunar, falleci\u00f3 a la edad de 85 a\u00f1os en West Palm Beach, en el sureste de Florida (EE.UU.), informaron ayer sus familiares en un comunicado.<\/p>\n<p>El ingeniero aeroespacial muri\u00f3 el pasado jueves, precis\u00f3 su hija Anita Mitchell, al peri\u00f3dico local The Palm Beach Post.<\/p>\n<p>Mitchell falleci\u00f3 poco despu\u00e9s de conmemorarse el 45 aniversario de la misi\u00f3n Apolo 14, una expedici\u00f3n lunar de 10 d\u00edas de duraci\u00f3n que estuvo compuesta tambi\u00e9n por Alan Shepard y Stuart Roosa y que despeg\u00f3 de la Tierra el 31 de enero de 1971.<\/p>\n<p>\u00abComo miembro del Apolo 14, Edgar es una de las \u00fanicas 12 personas que caminaron sobre la Luna y ayud\u00f3 a cambiar c\u00f3mo vemos nuestro lugar en el universo\u00bb, se\u00f1al\u00f3 ayer en una nota el administrador de la NASA, Charles Bolden.<\/p>\n<p>Tras alunizar el 5 de febrero de ese a\u00f1o, Mitchell y Shepard desarrollaron sobre las zonas monta\u00f1osas de Fra Mauro una expedici\u00f3n de 33 horas, hasta ese entonces la estancia m\u00e1s larga sobre suelo lunar, mientras que Roosa se mantuvo orbitando la zona en la nave.<\/p>\n<p>En su \u00fanica expedici\u00f3n a la luna, que concluy\u00f3 el 9 de febrero, Mitchell ayud\u00f3 a recolectar 41 kilos de rocas y muestras de tierra, que posteriormente fueron distribuidas para ser analizadas entre 187 equipos cient\u00edficos de Estados Unidos y 14 pa\u00edses, seg\u00fan la NASA.<\/p>\n<p>Nacido el 17 de septiembre de 1930, en Hereford, Texas, Mitchell obtuvo un doctorado en Ciencias Aeron\u00e1uticas por el Instituto de Tecnolog\u00eda de Massachusetts (MIT) y fue seleccionado para sumarse a la NASA en abril de 1966.<\/p>\n<p>Poco despu\u00e9s de su expedici\u00f3n, el astronauta se retir\u00f3 de la agencia aeroespacial y en 1973 fund\u00f3 el Institute of Noetic Sciences, con el fin de abordar desde varias disciplinas cient\u00edficas el estudio de la percepci\u00f3n humana, de acuerdo con el comunicado de la familia y que public\u00f3 la Fundaci\u00f3n de Estudios Astronautas, de la que fue miembro de su junta de directores.<\/p>\n<p>La naturaleza de la conciencia humana fue su principal foco de inter\u00e9s cient\u00edfico, sin duda alimentada tras su experiencia lunar, y que marc\u00f3 su posterior trayectoria fuera de la NASA.<\/p>\n<p>Mitchell fue autor de diversas publicaciones, entre ellas \u00abEl Camino de los Exploradores\u00bb (1966), en la que escribi\u00f3: \u00abHay una percepci\u00f3n de que nuestra presencia como viajeros espaciales y la existencia del universo en s\u00ed mismo, no fue accidental sino que hubo un proceso inteligente en curso\u00bb.<\/p>\n<p>Una de las dos hijas del astronauta, Karlyn Mitchell, describi\u00f3 a su padre como un hombre de \u00abextraordinarios talentos y tremenda fortuna\u00bb y que nunca se cans\u00f3 de \u00abanimar a otros a luchar y explorar\u00bb.<\/p>\n<p>El ingeniero aeroespacial, que en octubre de 1997 fue incluido en el Sal\u00f3n de la Fama de los astronautas estadounidenses, don\u00f3 en 2006 al Museo de Ciencias del Sur de Florida, ubicado en West Palm Beach, una roca lunar que le fue otorgada por la NASA en reconocimiento a sus logros en programas espaciales.<\/p>\n<p>Mitchell era el \u00fanico sobreviviente de la expedici\u00f3n Apolo 14, tras la muerte de Shepard en 1998 y de Roosa en 1994.<\/p>\n<p>Le sobreviven dos hijas naturales, tres hijos adoptados, nueve nietos y un bisnieto.<\/p>\n<\/div>\n","protected":false},"excerpt":{"rendered":"<p>EFE Miami (EE.UU.) El astronauta Edgar Mitchell, integrante de la expedici\u00f3n del Apolo 14 y el sexto hombre en pisar la superficie lunar, falleci\u00f3 a la edad de 85 a\u00f1os en West Palm Beach, en el sureste de Florida (EE.UU.), informaron ayer sus familiares en un comunicado. El ingeniero aeroespacial muri\u00f3 el pasado jueves, precis\u00f3 [&hellip;]<\/p>\n","protected":false},"author":7,"featured_media":41207,"comment_status":"open","ping_status":"open","sticky":false,"template":"","format":"standard","meta":{"footnotes":""},"categories":[62,40],"tags":[],"class_list":["post-41204","post","type-post","status-publish","format-standard","has-post-thumbnail","hentry","category-cultura","category-internacionales"],"_links":{"self":[{"href":"https:\/\/2horizontes.com\/index.php?rest_route=\/wp\/v2\/posts\/41204","targetHints":{"allow":["GET"]}}],"collection":[{"href":"https:\/\/2horizontes.com\/index.php?rest_route=\/wp\/v2\/posts"}],"about":[{"href":"https:\/\/2horizontes.com\/index.php?rest_route=\/wp\/v2\/types\/post"}],"author":[{"embeddable":true,"href":"https:\/\/2horizontes.com\/index.php?rest_route=\/wp\/v2\/users\/7"}],"replies":[{"embeddable":true,"href":"https:\/\/2horizontes.com\/index.php?rest_route=%2Fwp%2Fv2%2Fcomments&post=41204"}],"version-history":[{"count":1,"href":"https:\/\/2horizontes.com\/index.php?rest_route=\/wp\/v2\/posts\/41204\/revisions"}],"predecessor-version":[{"id":41208,"href":"https:\/\/2horizontes.com\/index.php?rest_route=\/wp\/v2\/posts\/41204\/revisions\/41208"}],"wp:featuredmedia":[{"embeddable":true,"href":"https:\/\/2horizontes.com\/index.php?rest_route=\/wp\/v2\/media\/41207"}],"wp:attachment":[{"href":"https:\/\/2horizontes.com\/index.php?rest_route=%2Fwp%2Fv2%2Fmedia&parent=41204"}],"wp:term":[{"taxonomy":"category","embeddable":true,"href":"https:\/\/2horizontes.com\/index.php?rest_route=%2Fwp%2Fv2%2Fcategories&post=41204"},{"taxonomy":"post_tag","embeddable":true,"href":"https:\/\/2horizontes.com\/index.php?rest_route=%2Fwp%2Fv2%2Ftags&post=41204"}],"curies":[{"name":"wp","href":"https:\/\/api.w.org\/{rel}","templated":true}]}}