{"id":41200,"date":"2016-02-06T16:19:53","date_gmt":"2016-02-06T15:19:53","guid":{"rendered":"http:\/\/2horizontes.com\/?p=41200"},"modified":"2016-02-06T16:19:53","modified_gmt":"2016-02-06T15:19:53","slug":"puerto-rico-declara-una-emergencia-de-salud-publica-para-combatir-el-zika","status":"publish","type":"post","link":"https:\/\/2horizontes.com\/?p=41200","title":{"rendered":"Puerto Rico declara una emergencia de salud p\u00fablica para combatir el zika"},"content":{"rendered":"<div id=\"ArticleAuthorDiv\" class=\"article-body-author\"><b>EFE<\/b><\/div>\n<div id=\"ArticleSourceDiv\" class=\"article-body-author\"><b>San Juan<\/b><\/div>\n<div id=\"ArticleBody\">\n<p>Puerto Rico declar\u00f3 ayer una emergencia de salud p\u00fablica vinculada al virus del Zika, del que ya se han confirmado 22 casos en la isla, entre ellos el de una mujer embarazada y el de un hombre que fue diagnosticado con el s\u00edndrome de Guillain-Barr\u00e9.<\/p>\n<p>\u00abHoy firm\u00e9 una orden ejecutiva para decretar una emergencia de salud p\u00fablica por el virus del Zika\u00bb de forma que \u00abla Agencia Estatal para Manejo de Emergencias y Administraci\u00f3n de Desastres va a liderar los esfuerzos de las distintas agencias para combatirlo\u00bb, anunci\u00f3 el gobernador de Puerto Rico, Alejandro Garc\u00eda Padilla<\/p>\n<p>El primer caso de zika en la isla se confirm\u00f3 el pasado diciembre y hasta el momento se han comprobado 22 casos, indic\u00f3 Garc\u00eda Padilla, quien dijo en una conferencia de prensa que la isla se fijar\u00e1 en c\u00f3mo se est\u00e1 gestionando el combate de este virus en otros pa\u00edses m\u00e1s afectados, como Brasil o Colombia.<\/p>\n<p>\u00abEl principal objetivo por supuesto es tratar de contener el virus, que se transmita a la menor cantidad posible de gente\u00bb, dijo el gobernador, quien inst\u00f3 a la ciudadan\u00eda a que \u00absiga las recomendaciones oficiales que estemos brindando\u00bb y no se atiendan rumores.<\/p>\n<p>El Gobierno puertorrique\u00f1o tambi\u00e9n contar\u00e1 con la ayuda del sector privado y se facilita el n\u00famero de tel\u00e9fono 311 para obtener informaci\u00f3n, as\u00ed como para denunciar la existencia de criaderos de mosquitos, responsables de la transmisi\u00f3n del zika, as\u00ed como del dengue y el chikungu\u00f1a.<\/p>\n<p>\u00abExhortamos -a\u00f1adi\u00f3- a que la Asamblea legislativa apruebe la regulaci\u00f3n sobre el almacenamiento de neum\u00e1ticos\u00bb, donde se forman importantes criaderos de mosquitos y que por el momento podr\u00e1n recogerse en cinco centros que la Junta de Calidad Ambiental ha habilitado para ello por distintos lugares de la isla.<\/p>\n<p>El gobernador insisti\u00f3 en que \u00abPuerto Rico est\u00e1 atendiendo esta emergencia con la seriedad y responsabilidad que amerita para garantizar el bienestar de nuestra gente y de quienes nos visitan\u00bb.<\/p>\n<p>\u00abEl virus del Zika se transmite igual que el dengue y es tan dif\u00edcil de prever como el dengue, por lo que es necesaria la atenci\u00f3n de la ciudadan\u00eda. Si todas las gestiones del Gobierno se llevan a cabo a la perfecci\u00f3n, pero la ciudadan\u00eda y la empresa privada no ponen de su parte, no alcanzaremos el objetivo\u00bb, advirti\u00f3.<\/p>\n<p>La Organizaci\u00f3n Mundial de la Salud (OMS) declar\u00f3 esta semana una emergencia sanitaria de preocupaci\u00f3n internacional por la posible asociaci\u00f3n entre los casos de microcefalia y des\u00f3rdenes neurol\u00f3gicos en beb\u00e9s y el aumento de casos de personas contaminadas con el virus del Zika.<\/p>\n<p>La relaci\u00f3n causa-efecto entre ambas todav\u00eda no est\u00e1 cient\u00edficamente comprobada.<\/p>\n<\/div>\n","protected":false},"excerpt":{"rendered":"<p>EFE San Juan Puerto Rico declar\u00f3 ayer una emergencia de salud p\u00fablica vinculada al virus del Zika, del que ya se han confirmado 22 casos en la isla, entre ellos el de una mujer embarazada y el de un hombre que fue diagnosticado con el s\u00edndrome de Guillain-Barr\u00e9. \u00abHoy firm\u00e9 una orden ejecutiva para decretar [&hellip;]<\/p>\n","protected":false},"author":7,"featured_media":41201,"comment_status":"open","ping_status":"open","sticky":false,"template":"","format":"standard","meta":{"footnotes":""},"categories":[40,45],"tags":[],"class_list":["post-41200","post","type-post","status-publish","format-standard","has-post-thumbnail","hentry","category-internacionales","category-salud"],"_links":{"self":[{"href":"https:\/\/2horizontes.com\/index.php?rest_route=\/wp\/v2\/posts\/41200","targetHints":{"allow":["GET"]}}],"collection":[{"href":"https:\/\/2horizontes.com\/index.php?rest_route=\/wp\/v2\/posts"}],"about":[{"href":"https:\/\/2horizontes.com\/index.php?rest_route=\/wp\/v2\/types\/post"}],"author":[{"embeddable":true,"href":"https:\/\/2horizontes.com\/index.php?rest_route=\/wp\/v2\/users\/7"}],"replies":[{"embeddable":true,"href":"https:\/\/2horizontes.com\/index.php?rest_route=%2Fwp%2Fv2%2Fcomments&post=41200"}],"version-history":[{"count":2,"href":"https:\/\/2horizontes.com\/index.php?rest_route=\/wp\/v2\/posts\/41200\/revisions"}],"predecessor-version":[{"id":41203,"href":"https:\/\/2horizontes.com\/index.php?rest_route=\/wp\/v2\/posts\/41200\/revisions\/41203"}],"wp:featuredmedia":[{"embeddable":true,"href":"https:\/\/2horizontes.com\/index.php?rest_route=\/wp\/v2\/media\/41201"}],"wp:attachment":[{"href":"https:\/\/2horizontes.com\/index.php?rest_route=%2Fwp%2Fv2%2Fmedia&parent=41200"}],"wp:term":[{"taxonomy":"category","embeddable":true,"href":"https:\/\/2horizontes.com\/index.php?rest_route=%2Fwp%2Fv2%2Fcategories&post=41200"},{"taxonomy":"post_tag","embeddable":true,"href":"https:\/\/2horizontes.com\/index.php?rest_route=%2Fwp%2Fv2%2Ftags&post=41200"}],"curies":[{"name":"wp","href":"https:\/\/api.w.org\/{rel}","templated":true}]}}