{"id":41174,"date":"2016-02-06T01:38:54","date_gmt":"2016-02-06T00:38:54","guid":{"rendered":"http:\/\/2horizontes.com\/?p=41174"},"modified":"2016-02-06T01:41:36","modified_gmt":"2016-02-06T00:41:36","slug":"se-aproxima-la-entrega-de-premios-matias-ramon-mella-en-madrid","status":"publish","type":"post","link":"https:\/\/2horizontes.com\/?p=41174","title":{"rendered":"Se aproxima  la entrega  de premios Mat\u00edas Ram\u00f3n Mella, en Madrid"},"content":{"rendered":"<p>Mat\u00edas Ram\u00f3n Mella,\u00a0 fue un militar, pol\u00edtico\u00a0y activista dominicano considerado uno de los Padres de la Patria de la Rep\u00fablica Dominicana junto a Juan Pablo Duarte y\u00a0Francisco del Rosario S\u00e1nchez.<\/p>\n<p><a href=\"http:\/\/2horizontes.com\/wp-content\/uploads\/2016\/02\/gala-1.jpg\"><img loading=\"lazy\" decoding=\"async\" class=\"size-medium wp-image-41177 alignleft\" src=\"http:\/\/2horizontes.com\/wp-content\/uploads\/2016\/02\/gala-1-300x300.jpg\" alt=\"gala 1\" width=\"300\" height=\"300\" srcset=\"https:\/\/2horizontes.com\/wp-content\/uploads\/2016\/02\/gala-1-300x300.jpg 300w, https:\/\/2horizontes.com\/wp-content\/uploads\/2016\/02\/gala-1-150x150.jpg 150w, https:\/\/2horizontes.com\/wp-content\/uploads\/2016\/02\/gala-1-510x510.jpg 510w, https:\/\/2horizontes.com\/wp-content\/uploads\/2016\/02\/gala-1.jpg 960w\" sizes=\"auto, (max-width: 300px) 100vw, 300px\" \/><\/a>Como miembro del movimiento independentista, Mella encarn\u00f3 la expresi\u00f3n militante y decidida, siendo conocido por haber disparado su trabuco la noche del 27 de febrero de 1844 en la Puerta de la Misericordia, que dio comienzo de esta forma a la revuelta por la independencia del pa\u00eds.<\/p>\n<p>&nbsp;<\/p>\n<p>De los fundadores de la Rep\u00fablica, Mella fue el m\u00e1s apto para las actividades militares.<\/p>\n<p>Su habilidad como estratega contribuy\u00f3 significativamente a lograr la independencia dominicana, hecho que puso fin a la ocupaci\u00f3n haitiana.<\/p>\n<p>&nbsp;<\/p>\n<p><a href=\"http:\/\/2horizontes.com\/wp-content\/uploads\/2016\/02\/gala2.jpg\"><img loading=\"lazy\" decoding=\"async\" class=\"size-medium wp-image-41176 alignleft\" src=\"http:\/\/2horizontes.com\/wp-content\/uploads\/2016\/02\/gala2-300x300.jpg\" alt=\"gala2\" width=\"300\" height=\"300\" srcset=\"https:\/\/2horizontes.com\/wp-content\/uploads\/2016\/02\/gala2-300x300.jpg 300w, https:\/\/2horizontes.com\/wp-content\/uploads\/2016\/02\/gala2-150x150.jpg 150w, https:\/\/2horizontes.com\/wp-content\/uploads\/2016\/02\/gala2-510x510.jpg 510w, https:\/\/2horizontes.com\/wp-content\/uploads\/2016\/02\/gala2.jpg 960w\" sizes=\"auto, (max-width: 300px) 100vw, 300px\" \/><\/a><\/p>\n<p>M\u00e1s tarde, se incorpor\u00f3 al movimiento restaurador contra la anexi\u00f3n a Espa\u00f1a, realizada por el terrateniente Pedro Santana en 1861. Fue vicepresidente del pa\u00eds entre 1863 y 1864.<\/p>\n<p>Por motivo a su aniversario el s\u00e1bado 25 \u00a0de febrero dominicanos en Madrid \u00a0convocaran un encuentro donde ser\u00e1n premiados \u00a0hombres y mujeres trabajadores en diferentes \u00e1reas en \u00a0Espa\u00f1a, entre esos \u00a0 locutores, disjey,cantantes,periodistas,entre otros.<\/p>\n<p>&nbsp;<\/p>\n<p>La celebracion tendra lugar en la discoteca Deluxe High Class \u00a0en la calle Almansa 21 metro Cuatro Caminos \u00a0jueves 25 de febrero a la 8 de la tarde<\/p>\n<p>Alfredo Mella Presidente<\/p>\n<h1 class=\"pl-header-title\" tabindex=\"0\"><\/h1>\n","protected":false},"excerpt":{"rendered":"<p>Mat\u00edas Ram\u00f3n Mella,\u00a0 fue un militar, pol\u00edtico\u00a0y activista dominicano considerado uno de los Padres de la Patria de la Rep\u00fablica Dominicana junto a Juan Pablo Duarte y\u00a0Francisco del Rosario S\u00e1nchez. Como miembro del movimiento independentista, Mella encarn\u00f3 la expresi\u00f3n militante y decidida, siendo conocido por haber disparado su trabuco la noche del 27 de febrero [&hellip;]<\/p>\n","protected":false},"author":4,"featured_media":41175,"comment_status":"open","ping_status":"open","sticky":false,"template":"","format":"standard","meta":{"footnotes":""},"categories":[62,46,83],"tags":[],"class_list":["post-41174","post","type-post","status-publish","format-standard","has-post-thumbnail","hentry","category-cultura","category-dominicanos-en-madrid","category-reportajes"],"_links":{"self":[{"href":"https:\/\/2horizontes.com\/index.php?rest_route=\/wp\/v2\/posts\/41174","targetHints":{"allow":["GET"]}}],"collection":[{"href":"https:\/\/2horizontes.com\/index.php?rest_route=\/wp\/v2\/posts"}],"about":[{"href":"https:\/\/2horizontes.com\/index.php?rest_route=\/wp\/v2\/types\/post"}],"author":[{"embeddable":true,"href":"https:\/\/2horizontes.com\/index.php?rest_route=\/wp\/v2\/users\/4"}],"replies":[{"embeddable":true,"href":"https:\/\/2horizontes.com\/index.php?rest_route=%2Fwp%2Fv2%2Fcomments&post=41174"}],"version-history":[{"count":1,"href":"https:\/\/2horizontes.com\/index.php?rest_route=\/wp\/v2\/posts\/41174\/revisions"}],"predecessor-version":[{"id":41178,"href":"https:\/\/2horizontes.com\/index.php?rest_route=\/wp\/v2\/posts\/41174\/revisions\/41178"}],"wp:featuredmedia":[{"embeddable":true,"href":"https:\/\/2horizontes.com\/index.php?rest_route=\/wp\/v2\/media\/41175"}],"wp:attachment":[{"href":"https:\/\/2horizontes.com\/index.php?rest_route=%2Fwp%2Fv2%2Fmedia&parent=41174"}],"wp:term":[{"taxonomy":"category","embeddable":true,"href":"https:\/\/2horizontes.com\/index.php?rest_route=%2Fwp%2Fv2%2Fcategories&post=41174"},{"taxonomy":"post_tag","embeddable":true,"href":"https:\/\/2horizontes.com\/index.php?rest_route=%2Fwp%2Fv2%2Ftags&post=41174"}],"curies":[{"name":"wp","href":"https:\/\/api.w.org\/{rel}","templated":true}]}}