{"id":41100,"date":"2016-02-05T15:54:43","date_gmt":"2016-02-05T14:54:43","guid":{"rendered":"http:\/\/2horizontes.com\/?p=41100"},"modified":"2016-02-05T15:54:43","modified_gmt":"2016-02-05T14:54:43","slug":"pn-informa-mato-reconocido-y-peligroso-delincuente-en-jarabacoa-rd","status":"publish","type":"post","link":"https:\/\/2horizontes.com\/?p=41100","title":{"rendered":"PN informa mat\u00f3 \u00abreconocido y peligroso\u00bb delincuente en Jarabacoa RD"},"content":{"rendered":"<p>RD- JARABACOA-La Polic\u00eda inform\u00f3 este viernes que mat\u00f3 a un alegado \u00abreconocido y peligro delincuente\u00bb, que dice fue sorprendido robando en una residencia ubicada en la \u00a0calle Mella, \u00a0n\u00famero 38, del municipio Jarabacoa.<\/p>\n<p>Seg\u00fan la instituci\u00f3n, Luis Alberto Quezada Abreu (El Palo), de 19 a\u00f1os, fue ultimado durante un intercambio de disparo con agentes.<\/p>\n<p>Dijo que a Quezada Abreu le ocuparon un arma de fabricaci\u00f3n\u00a0 casera (Chilena), con la cual dispar\u00f3 a los agentes.<\/p>\n<p>La v\u00edctima resid\u00eda en el barrio Blanco, de Jarabacoa, y \u00a0muri\u00f3 a causa de herida de arma de fuego en el\u00a0 t\u00f3rax, seg\u00fan el certificado del m\u00e9dico forense.<\/p>\n<p>De acuerdo con la instituci\u00f3n, el hecho se produjo en momentos en que la Polic\u00eda fue avisada mediante llamadas telef\u00f3nicas, realizadas por varios ciudadanos, \u00a0de que en una residencia del centro de la ciudad de Jarabacoa hab\u00eda penetrado un individuo, quien sustra\u00eda las propiedades\u00a0 de dicha vivienda, por lo que los agentes se trasladaron al lugar.<\/p>\n<p>La Polic\u00eda dijo que el muerto era buscado por miembros de la Subdirecci\u00f3n de \u00a0Investigaciones Criminales (DICRIM) conjuntamente con un tal\u00a0 Jos\u00e9 Gavil\u00e1n, \u00a0por el\u00a0\u00a0 robo \u00a0perpetrado a un colmado ubicado en el barrio El\u00edas Santana, Jarabacoa.<\/p>\n<p>&nbsp;<\/p>\n","protected":false},"excerpt":{"rendered":"<p>RD- JARABACOA-La Polic\u00eda inform\u00f3 este viernes que mat\u00f3 a un alegado \u00abreconocido y peligro delincuente\u00bb, que dice fue sorprendido robando en una residencia ubicada en la \u00a0calle Mella, \u00a0n\u00famero 38, del municipio Jarabacoa. Seg\u00fan la instituci\u00f3n, Luis Alberto Quezada Abreu (El Palo), de 19 a\u00f1os, fue ultimado durante un intercambio de disparo con agentes. Dijo [&hellip;]<\/p>\n","protected":false},"author":8,"featured_media":41105,"comment_status":"open","ping_status":"open","sticky":false,"template":"","format":"standard","meta":{"footnotes":""},"categories":[43,44],"tags":[],"class_list":["post-41100","post","type-post","status-publish","format-standard","has-post-thumbnail","hentry","category-politica","category-republica-dominicana"],"_links":{"self":[{"href":"https:\/\/2horizontes.com\/index.php?rest_route=\/wp\/v2\/posts\/41100","targetHints":{"allow":["GET"]}}],"collection":[{"href":"https:\/\/2horizontes.com\/index.php?rest_route=\/wp\/v2\/posts"}],"about":[{"href":"https:\/\/2horizontes.com\/index.php?rest_route=\/wp\/v2\/types\/post"}],"author":[{"embeddable":true,"href":"https:\/\/2horizontes.com\/index.php?rest_route=\/wp\/v2\/users\/8"}],"replies":[{"embeddable":true,"href":"https:\/\/2horizontes.com\/index.php?rest_route=%2Fwp%2Fv2%2Fcomments&post=41100"}],"version-history":[{"count":1,"href":"https:\/\/2horizontes.com\/index.php?rest_route=\/wp\/v2\/posts\/41100\/revisions"}],"predecessor-version":[{"id":41106,"href":"https:\/\/2horizontes.com\/index.php?rest_route=\/wp\/v2\/posts\/41100\/revisions\/41106"}],"wp:featuredmedia":[{"embeddable":true,"href":"https:\/\/2horizontes.com\/index.php?rest_route=\/wp\/v2\/media\/41105"}],"wp:attachment":[{"href":"https:\/\/2horizontes.com\/index.php?rest_route=%2Fwp%2Fv2%2Fmedia&parent=41100"}],"wp:term":[{"taxonomy":"category","embeddable":true,"href":"https:\/\/2horizontes.com\/index.php?rest_route=%2Fwp%2Fv2%2Fcategories&post=41100"},{"taxonomy":"post_tag","embeddable":true,"href":"https:\/\/2horizontes.com\/index.php?rest_route=%2Fwp%2Fv2%2Ftags&post=41100"}],"curies":[{"name":"wp","href":"https:\/\/api.w.org\/{rel}","templated":true}]}}