{"id":41081,"date":"2016-02-05T15:39:38","date_gmt":"2016-02-05T14:39:38","guid":{"rendered":"http:\/\/2horizontes.com\/?p=41081"},"modified":"2016-02-05T19:34:48","modified_gmt":"2016-02-05T18:34:48","slug":"valencia-los-dominicanos-estan-de-duelo-por-el-abandono-total-del-consul-a-la-poblacion","status":"publish","type":"post","link":"https:\/\/2horizontes.com\/?p=41081","title":{"rendered":"VALENCIA: LOS DOMINICANOS EST\u00c1N DE DUELO POR EL ABANDONO TOTAL DEL C\u00d3NSUL  A LA POBLACI\u00d3N"},"content":{"rendered":"<p><strong>Por: Jos\u00e9 Rafael Ram\u00edrez<\/strong><\/p>\n<p><strong>Desahusian La Casa del Dominicano.\u00a0 Mujeres y J\u00f3venes\u00a0 deportistas: \u201cEstamos hu\u00e9rfanos\u201d. <\/strong><\/p>\n<p><strong>\u00a0<\/strong><strong>Valencia, Espa\u00f1a<\/strong>. Tristeza, luto y gran pesar, embarga a la Comunidad de dominicanos en Valencia por el abandono total que le ha hecho el C\u00f3nsul, Jorge Cordero, a esta humilde poblaci\u00f3n de hombres y mujeres laboriosos.<\/p>\n<p>Ayer se produjo el momento de mayor\u00a0 tristeza para los dominicanos, cuando con lagrimas y llantos tuvieron que presenciar como las <strong>autoridades judiciales espa\u00f1olas<\/strong> hac\u00edan el\u00a0 desahucio ( el desalojo o\u00a0 embargo) a la Casa del Dominicano, por falta de pago del alquiler.<\/p>\n<p>Seg\u00fan el <strong>Sr. Jos\u00e9 Rafael Ram\u00edrez<\/strong>, presidente de la <strong>Asociaci\u00f3n de Dominicanos por el Desarrollo (ADOMDE)<\/strong>: \u201cLa Casa del Dominicano, nuestro local de encuentros para celebraciones de actividades patria y proyecci\u00f3n de la cultural dominicana, es un proyecto pionero, creado con fondo del Estado Dominicano, en la gesti\u00f3n del C\u00f3nsul anterior. El C\u00f3nsul actual <strong>Sr. Jorge cordero<\/strong>, no ha querido dar continuidad, ni apoyar el proyecto. Al contrario, \u00e9l retir\u00f3 de la cuanta del Consulado el pago de los servicios del local, por lo que nos cortaron la luz, el agua, el tel\u00e9fono, el Internet y la calefacci\u00f3n\u201d.<\/p>\n<p>Continua, Jos\u00e9, En estos momentos el local tenia una deuda de 2,137 euros,\u00a0 nos dieron plazo hasta el mi\u00e9rcoles 3 de febrero para pagar. Nosotros haciendo actividades (Rifas, kermes, aportaciones de 5, 10 y 20 euros de los dominicanos) recaudamos 1,700 euros, faltaron 437 euros.\u00a0 Les rogamos al C\u00f3nsul Cordero, en reiteradas ocasiones que nos ayudara para que no cierren nuestra Casa. Nunca nos ayud\u00f3, nos dio la espalda, una vez mas. Y las autoridades nos echaron del local.<\/p>\n<p>Este C\u00f3nsul, no ha aportado un solo Euro para el pago del alquiler.\u00a0 Los emplazamos p\u00fablicamente para que demuestre lo contrario\u201d.<\/p>\n<p><strong>Colectivo de Mujeres defraudadas por el C\u00f3nsul<\/strong><\/p>\n<p>Les preguntamos al presidente Danilo Medina \u00bfque maldad tan grande hemos hecho en Valencia para merecer un C\u00f3nsul como este?.<\/p>\n<p>El C\u00f3nsul no nos ha apoyado, ha permitido que nos desalojen de nuestro hogar social y cultural. as\u00ed se expres\u00f3 la vicepresidenta de la agrupaci\u00f3n femenina <strong>Mujeres Dominicanas en Acci\u00f3n,<\/strong> <strong>Margarita M\u00e9ndez.<\/strong><\/p>\n<p>&nbsp;<\/p>\n<p><a href=\"http:\/\/2horizontes.com\/wp-content\/uploads\/2016\/02\/CAS55.jpg\"><img loading=\"lazy\" decoding=\"async\" class=\"size-medium wp-image-41167 alignleft\" src=\"http:\/\/2horizontes.com\/wp-content\/uploads\/2016\/02\/CAS55-300x200.jpg\" alt=\"CAS55\" width=\"300\" height=\"200\" srcset=\"https:\/\/2horizontes.com\/wp-content\/uploads\/2016\/02\/CAS55-300x200.jpg 300w, https:\/\/2horizontes.com\/wp-content\/uploads\/2016\/02\/CAS55-510x340.jpg 510w\" sizes=\"auto, (max-width: 300px) 100vw, 300px\" \/><\/a><\/p>\n<p>La presidenta de la <strong>Asociaci\u00f3n de Mujeres Dominicanas (AMDO), Wendy Sosa <\/strong>manifest\u00f3, \u201cEste es un C\u00f3nsul que no apoya a su comunidad, no se re\u00fane con las Asociaciones, no se relaciona con los dominicanos. No fue capaz de dialogar con las asociaciones para buscar una soluci\u00f3n y paralizar el cierren de la Casa del Dominicano. Aqu\u00ed, estamos Hu\u00e9rfanos, sin autoridades\u201d.<\/p>\n<p>&nbsp;<\/p>\n<p>Con llantos, la dirigente comunitaria, <strong>Marisol M\u00e9ndez<\/strong> dice \u201c ya me lo hab\u00eda dicho mi madre, que en los 20 a\u00f1os que tiene en Europa nunca hab\u00eda visto a <strong>un C\u00f3nsul como este, indolente, insensible y arrogante<\/strong>\u201d. Mi madre, una mujer con casi 70 a\u00f1os, fue a hacerle una consulta al C\u00f3nsul y este\u00a0 la ignor\u00f3 y no la recibi\u00f3.\u00a0 Le rompi\u00f3 el coraz\u00f3n, la destroz\u00f3 por dentro, por que los C\u00f3nsules aqu\u00ed, siempre han atendido a los ciudadanos y mucho mas a las personas mayores, quienes fueron los primeros dominicanos que llegaron a Valencia.<\/p>\n<p><strong>\u00a0 <\/strong><strong>Quejas de los Comerciantes dominicanos<\/strong><\/p>\n<p>Los comerciantes dominicanos, se solidarizan con la Casa del Dominicano y se desahogan y diciendo: \u201c El C\u00f3nsul Jorge Cordero, tambi\u00e9n nos ha dado la espalda a los Comerciantes, antes de ser C\u00f3nsul venia a comer y a hacer actividades, tan pronto asumi\u00f3 el cargo, jam\u00e1s a visitado a estos Bares-restaurantes, ni ha patrocinado una m\u00ednima actividad que Beneficie a estos comercios. Ha sido costumbre de\u00a0 los C\u00f3nsules anteriores realizar actividades en negocios dominicanos. Este C\u00f3nsul, no ha realizado ning\u00fan tipo de actividad ni en el Restaurant-Bar Caribe, ni en el Mahunaloa, ni en el Mundo Latino,\u2026.. en ninguno, prefiere irse a otros comercios de capitales no dominicano. As\u00ed se expres\u00f3 <strong>el Comerciante Eladio Polanco (Carmelo).<\/strong><\/p>\n<p><strong>\u00a0<\/strong><strong>J\u00f3venes Deportistas sin apoyo:<\/strong><\/p>\n<p>El <strong>dirigente Deportivo Wander Peguero Mart\u00ednez<\/strong> expres\u00f3: \u201cLa Casa del Dominicano era nuestro lugar de reuniones, estamos todos muy tristes. Es bueno tambi\u00e9n decir que la Federaci\u00f3n de B\u00e9isbol de Valencia, le dio dejaba al equipo de b\u00e9isbol de los dominicanos, por falta de pago, por el C\u00f3nsul Jorge Cordero, no cumplir con su promesa de apoyar al equipo para cubrir los gastos como equipo federado. Ademas, nunca les hemos visto la cara en los centros deportivos, en las canchas o en los encuentros deportivos. Nunca nos apoya, estamos desamparados.<\/p>\n<p><strong>Comunidades abandonadas por el C\u00f3nsul<\/strong><\/p>\n<p>&nbsp;<\/p>\n<p><a href=\"http:\/\/2horizontes.com\/wp-content\/uploads\/2016\/02\/IMG_1171.jpg\"><img loading=\"lazy\" decoding=\"async\" class=\"size-medium wp-image-41168 alignleft\" src=\"http:\/\/2horizontes.com\/wp-content\/uploads\/2016\/02\/IMG_1171-300x200.jpg\" alt=\"IMG_1171\" width=\"300\" height=\"200\" srcset=\"https:\/\/2horizontes.com\/wp-content\/uploads\/2016\/02\/IMG_1171-300x200.jpg 300w, https:\/\/2horizontes.com\/wp-content\/uploads\/2016\/02\/IMG_1171-510x340.jpg 510w\" sizes=\"auto, (max-width: 300px) 100vw, 300px\" \/><\/a><\/p>\n<p><strong>Freddy Holguin, presidente de la Asociaci\u00f3n de Dominicanos en Castellon (ASODOCAT)\u00a0 y Lucas Rivas, <\/strong>dirigente comunitario de esa provincia, lamentaron el desalojo de la Casa del Dominicano de Valencia y a la vez criticaron la falta de apoyo del C\u00f3nsul Jorge Cordero a las organizaciones dominicanas. Ese C\u00f3nsul nunca ha venido por Castellon, nunca se ha reunido con los dirigentes comunitarios de aqu\u00ed, tampoco se ha reunido con los dirigentes de las Asociaciones de otras comunidades como Teruel, Requena, entre otras, expreso el Sr. Rivas.<\/p>\n<p>Los dirigentes comunitario esperan que el presidente de la Rep\u00fablica <strong>Lic. Danilo Medina <\/strong>tome carta en el asunto y nos libre de las incomprensiones de este C\u00f3nsul Incomprensible.<\/p>\n<p><strong>Por: Jos\u00e9 Rafael Ram\u00edrez<\/strong>, presidente de la Asociaci\u00f3n de Dominicanos por el Desarrollo y<\/p>\n<p>Coordinador de la Casa del Dominicano Valencia.<\/p>\n<p>Tel. 34 632 572 111 Cedula: 402-2324403-5<\/p>\n<p>&nbsp;<\/p>\n<p>&nbsp;<\/p>\n<p>&nbsp;<\/p>\n<p>&nbsp;<\/p>\n","protected":false},"excerpt":{"rendered":"<p>Por: Jos\u00e9 Rafael Ram\u00edrez Desahusian La Casa del Dominicano.\u00a0 Mujeres y J\u00f3venes\u00a0 deportistas: \u201cEstamos hu\u00e9rfanos\u201d. \u00a0Valencia, Espa\u00f1a. Tristeza, luto y gran pesar, embarga a la Comunidad de dominicanos en Valencia por el abandono total que le ha hecho el C\u00f3nsul, Jorge Cordero, a esta humilde poblaci\u00f3n de hombres y mujeres laboriosos. Ayer se produjo el [&hellip;]<\/p>\n","protected":false},"author":4,"featured_media":41166,"comment_status":"open","ping_status":"open","sticky":false,"template":"","format":"standard","meta":{"footnotes":""},"categories":[46,54,85,53,83],"tags":[],"class_list":["post-41081","post","type-post","status-publish","format-standard","has-post-thumbnail","hentry","category-dominicanos-en-madrid","category-emigrantes","category-espana","category-provincias","category-reportajes"],"_links":{"self":[{"href":"https:\/\/2horizontes.com\/index.php?rest_route=\/wp\/v2\/posts\/41081","targetHints":{"allow":["GET"]}}],"collection":[{"href":"https:\/\/2horizontes.com\/index.php?rest_route=\/wp\/v2\/posts"}],"about":[{"href":"https:\/\/2horizontes.com\/index.php?rest_route=\/wp\/v2\/types\/post"}],"author":[{"embeddable":true,"href":"https:\/\/2horizontes.com\/index.php?rest_route=\/wp\/v2\/users\/4"}],"replies":[{"embeddable":true,"href":"https:\/\/2horizontes.com\/index.php?rest_route=%2Fwp%2Fv2%2Fcomments&post=41081"}],"version-history":[{"count":4,"href":"https:\/\/2horizontes.com\/index.php?rest_route=\/wp\/v2\/posts\/41081\/revisions"}],"predecessor-version":[{"id":41169,"href":"https:\/\/2horizontes.com\/index.php?rest_route=\/wp\/v2\/posts\/41081\/revisions\/41169"}],"wp:featuredmedia":[{"embeddable":true,"href":"https:\/\/2horizontes.com\/index.php?rest_route=\/wp\/v2\/media\/41166"}],"wp:attachment":[{"href":"https:\/\/2horizontes.com\/index.php?rest_route=%2Fwp%2Fv2%2Fmedia&parent=41081"}],"wp:term":[{"taxonomy":"category","embeddable":true,"href":"https:\/\/2horizontes.com\/index.php?rest_route=%2Fwp%2Fv2%2Fcategories&post=41081"},{"taxonomy":"post_tag","embeddable":true,"href":"https:\/\/2horizontes.com\/index.php?rest_route=%2Fwp%2Fv2%2Ftags&post=41081"}],"curies":[{"name":"wp","href":"https:\/\/api.w.org\/{rel}","templated":true}]}}