{"id":41078,"date":"2016-02-05T15:35:52","date_gmt":"2016-02-05T14:35:52","guid":{"rendered":"http:\/\/2horizontes.com\/?p=41078"},"modified":"2016-02-05T15:36:32","modified_gmt":"2016-02-05T14:36:32","slug":"la-pederastia-sacerdotal-una-piedra-en-el-zapato-para-el-papa-en-mexico","status":"publish","type":"post","link":"https:\/\/2horizontes.com\/?p=41078","title":{"rendered":"La pederastia sacerdotal, una piedra en el zapato para el papa en M\u00e9xico"},"content":{"rendered":"<div id=\"ArticleAuthorDiv\" class=\"article-body-author\"><b>EFE<\/b><\/div>\n<div id=\"ArticleSourceDiv\" class=\"article-body-author\"><b>M\u00e9xico<\/b><\/div>\n<div id=\"ArticleBody\">\n<p>Los defensores de derechos humanos en M\u00e9xico reclaman al papa Francisco m\u00e1s obras que palabras en torno a la pederastia sacerdotal, un fen\u00f3meno que es una piedra en el zapato para la Iglesia Cat\u00f3lica y que sin duda planear\u00e1 sobre la visita del pont\u00edfice al pa\u00eds, del 12 al 17 de febrero.<\/p>\n<p>Los activistas mexicanos que luchan contra los abusos de religiosos a menores han vuelto a poner el dedo en la yaga justo antes de la llegada de Francisco, al renovar en enero una denuncia en el estado sure\u00f1o de Oaxaca contra un cura, Gerardo Silvestre.<\/p>\n<p>El cl\u00e9rigo est\u00e1 acusado de haber abusado desde 2006 de m\u00e1s de 100 ni\u00f1os en comunidades ind\u00edgenas y est\u00e1 en prisi\u00f3n por corrupci\u00f3n de menores, pero la jerarqu\u00eda eclesi\u00e1stica no encontr\u00f3 pruebas en su contra.<\/p>\n<p>Uno de los denunciantes es el exsacerdote Alberto Athie, para quien \u00aba pesar de que los discursos de Francisco son muy buenos\u00bb, algunas de sus iniciativas \u00abson ambiguas e incluso contradictorias\u00bb, como la Comisi\u00f3n Pontificia para la Tutela de los Menores, para promover la protecci\u00f3n de la dignidad de los menores.<\/p>\n<p>\u00abFue impulsada por el papa en 2013 y no conocemos en t\u00e9rminos escritos ni el objetivo, ni los estatutos ni qu\u00e9 ha hecho en forma publica\u00bb, denuncia.<\/p>\n<p>El excura se queja de que el pont\u00edfice \u00abno est\u00e1 dispuesto a asumir la responsabilidad del Vaticano como miembro de la Convenci\u00f3n Mundial de los Derechos del Ni\u00f1o\u00bb, de la ONU, desde 1990.<\/p>\n<p>En 2014 la ONU critic\u00f3 a la Santa Sede por no haber reconocido nunca \u00abla amplitud de los cr\u00edmenes\u00bb y le reproch\u00f3 que no tomara \u00ablas medidas necesarias\u00bb para proteger a los menores.<\/p>\n<p>Francisco pidi\u00f3 perd\u00f3n p\u00fablicamente por esos casos y afirm\u00f3 que la Iglesia no dar\u00eda ning\u00fan \u00abpaso atr\u00e1s\u00bb al abordar esta cuesti\u00f3n. \u00abTenemos que ser muy fuertes. Con los chicos no se juega\u00bb, enfatiz\u00f3.<\/p>\n<p>Sin embargo, para la periodista Sanjuana Mart\u00ednez, especialista en el tema, el papa \u00abno ha cumplido con su promesa de justicia ni de tolerancia cero\u00bb.<\/p>\n<p>La de M\u00e9xico \u00abes una visita trascendental pero por desgracia con muy pocos resultados previsibles\u00bb, afirm\u00f3 hoy a EFE la Premio Nacional de Periodismo de M\u00e9xico en 2006 y Premio Ortega y Gasset de Espa\u00f1a en 2008.<\/p>\n<p>Mart\u00ednez es famosa por haber investigado los abusos sexuales contra menores que salpicaron a los arzobispos de M\u00e9xico, Norberto Rivera, y Los \u00c1ngeles (EEUU), Roger Mahony.<\/p>\n<p>Para la periodista Francisco tiene \u00abuna posici\u00f3n amable con las v\u00edctimas\u00bb y su discurso es \u00abmuy simp\u00e1tico, muy campechano, muy medi\u00e1tico, al estilo de Karel Wojtyla (Juan Pablo II)\u00bb, pero no basta.<\/p>\n<p>\u00abDentro de su pontificado hay casos muy llamativos de protecci\u00f3n de sacerdotes pederastas\u00bb, como el del nuncio del Vaticano en la Rep\u00fablica Dominicana, Josef Wesolowski, que supuestamente pagaba por mantener relaciones sexuales con menores en el pa\u00eds caribe\u00f1o, lament\u00f3.<\/p>\n<p>\u00abTen\u00eda que haber sido puesto a disposici\u00f3n de las autoridades judiciales ordinarias mientras que el papa lo protegi\u00f3\u00bb, a\u00f1adi\u00f3 sobre Wesolowski, que falleci\u00f3 en Roma en septiembre pasado cuando deb\u00eda enfrentarse a un juicio en el Tribunal Vaticano.<\/p>\n<p>En los \u00faltimos d\u00edas el activista Joaqu\u00edn Aguilar, dirigente en M\u00e9xico de la Red de Sobrevivientes Abusados por Sacerdotes, afirm\u00f3 que \u00abes muy probable\u00bb que el papa se re\u00fana con ellos, como ha hecho en otros pa\u00edses con esos grupos, aunque esa potencial cita no aparece reflejada en la agenda oficial del pont\u00edfice.<\/p>\n<p>\u00abTodos quisieran reunirse con \u00e9l pero el papa tiene una agenda muy apretada\u00bb y \u00abpol\u00edticamente correcta\u00bb, opina Mart\u00ednez.<\/p>\n<p>Recuerda que Francisco \u00abno puede ni siquiera recibir a los pap\u00e1s de los 43 estudiantes\u00bb desaparecidos en septiembre de 2014 en el estado sure\u00f1o de Guerrero a manos de polic\u00edas corruptos y el crimen organizado, un suceso que ha marcado el Gobierno de Enrique Pe\u00f1a Nieto.<\/p>\n<p>Joaqu\u00edn Aguilar es una de las supuestas v\u00edctimas del sacerdote Nicol\u00e1s Aguilar y el primero que se querell\u00f3 contra el cardenal Rivera.<\/p>\n<p>En septiembre de 2007 denunci\u00f3 a Rivera y al arzobispo Mahony por el presunto encubrimiento del cura, que ejerci\u00f3 el sacerdocio en el estado mexicano de Puebla y luego en la di\u00f3cesis de Los \u00c1ngeles. Se le atribuyen 150 v\u00edctimas entre 1986 y 1994.<\/p>\n<p>A Athie tampoco le gust\u00f3 que el Vaticano concediera en octubre pasado una indulgencia plenaria a los Legionarios de Cristo, del padre Marcial Maciel, fallecido en 2008 y del que se comprob\u00f3 que cometi\u00f3 abusos sexuales contra seminaristas, tuvo varios hijos con diferentes mujeres y era consumidor habitual de drogas.<\/p>\n<p>El indulto \u00abfue en preparaci\u00f3n para la visita pues si hay una congregaci\u00f3n poderosa en M\u00e9xico, con dinero, con relaciones pol\u00edticas, medios de comunicaci\u00f3n, esa es la Legi\u00f3n\u00bb, apunt\u00f3.<\/p>\n<p>A esos casos se suman otros como el del padre Eduardo C\u00f3rdova, que en el estado mexicano de San Luis Potos\u00ed fue acusado de abusar de menores durante 30 a\u00f1os, y al que se hace referencia un largometraje estadounidense estrenado recientemente con el t\u00edtulo \u00abSpotlight\u00bb.<\/p>\n<p>En todos ellos \u00abla constante ha sido la impunidad\u00bb, asegura Mart\u00ednez, para quien la jerarqu\u00eda cat\u00f3lica mexicana \u00abno ha cambiado un \u00e1pice\u00bb con Francisco.<\/p>\n<p>\u00abSigue negando todos los casos, protegi\u00e9ndolos, trasladando a los abusadores de parroquia en parroquia, de pa\u00eds en pa\u00eds\u00bb, relata.<\/p>\n<p>Calcula en \u00abmiles de miles\u00bb las v\u00edctimas en M\u00e9xico y se queja de que a diferencia de Estados Unidos, donde la justicia ha obligado a la Iglesia a pagar 4.000 millones de d\u00f3lares en compensaciones econ\u00f3micas a los menores objeto de abusos, en su pa\u00eds eso no ha sucedido, a pesar de ser m\u00e1s cat\u00f3lico.<\/p>\n<\/div>\n","protected":false},"excerpt":{"rendered":"<p>EFE M\u00e9xico Los defensores de derechos humanos en M\u00e9xico reclaman al papa Francisco m\u00e1s obras que palabras en torno a la pederastia sacerdotal, un fen\u00f3meno que es una piedra en el zapato para la Iglesia Cat\u00f3lica y que sin duda planear\u00e1 sobre la visita del pont\u00edfice al pa\u00eds, del 12 al 17 de febrero. Los [&hellip;]<\/p>\n","protected":false},"author":7,"featured_media":41082,"comment_status":"open","ping_status":"open","sticky":false,"template":"","format":"standard","meta":{"footnotes":""},"categories":[40],"tags":[],"class_list":["post-41078","post","type-post","status-publish","format-standard","has-post-thumbnail","hentry","category-internacionales"],"_links":{"self":[{"href":"https:\/\/2horizontes.com\/index.php?rest_route=\/wp\/v2\/posts\/41078","targetHints":{"allow":["GET"]}}],"collection":[{"href":"https:\/\/2horizontes.com\/index.php?rest_route=\/wp\/v2\/posts"}],"about":[{"href":"https:\/\/2horizontes.com\/index.php?rest_route=\/wp\/v2\/types\/post"}],"author":[{"embeddable":true,"href":"https:\/\/2horizontes.com\/index.php?rest_route=\/wp\/v2\/users\/7"}],"replies":[{"embeddable":true,"href":"https:\/\/2horizontes.com\/index.php?rest_route=%2Fwp%2Fv2%2Fcomments&post=41078"}],"version-history":[{"count":2,"href":"https:\/\/2horizontes.com\/index.php?rest_route=\/wp\/v2\/posts\/41078\/revisions"}],"predecessor-version":[{"id":41085,"href":"https:\/\/2horizontes.com\/index.php?rest_route=\/wp\/v2\/posts\/41078\/revisions\/41085"}],"wp:featuredmedia":[{"embeddable":true,"href":"https:\/\/2horizontes.com\/index.php?rest_route=\/wp\/v2\/media\/41082"}],"wp:attachment":[{"href":"https:\/\/2horizontes.com\/index.php?rest_route=%2Fwp%2Fv2%2Fmedia&parent=41078"}],"wp:term":[{"taxonomy":"category","embeddable":true,"href":"https:\/\/2horizontes.com\/index.php?rest_route=%2Fwp%2Fv2%2Fcategories&post=41078"},{"taxonomy":"post_tag","embeddable":true,"href":"https:\/\/2horizontes.com\/index.php?rest_route=%2Fwp%2Fv2%2Ftags&post=41078"}],"curies":[{"name":"wp","href":"https:\/\/api.w.org\/{rel}","templated":true}]}}