{"id":40982,"date":"2016-02-04T16:28:24","date_gmt":"2016-02-04T15:28:24","guid":{"rendered":"http:\/\/2horizontes.com\/?p=40982"},"modified":"2016-02-04T16:28:24","modified_gmt":"2016-02-04T15:28:24","slug":"paro-medico-total-en-3-provincias-de-la-region-este-rd","status":"publish","type":"post","link":"https:\/\/2horizontes.com\/?p=40982","title":{"rendered":"Paro m\u00e9dico total en 3 provincias de la regi\u00f3n Este RD"},"content":{"rendered":"<p>RD- ZONA ESTE -El paro convocado por los gremios del sector salud, encabezado por el Colegio M\u00e9dico Dominicano (CMD), se cumpli\u00f3 ayer en su totalidad en los hospitales de San Pedro de Macor\u00eds, La Romana e Hig\u00fcey, en la regi\u00f3n Este del pa\u00eds.Los m\u00e9dicos y enfermeras del hospital Regional Doctor Antonio Musa, en San Pedro de Macor\u00eds, se apostaron en la entrada del lugar con pancartas y vociferando consignas en reclamo de que se le asigne el 5 % del producto interno bruto (PBI) al sector, entre otras reivindicaciones.<\/p>\n<p>En la recepci\u00f3n del centro hospitalario, algunos pacientes llegaban con citas programadas sin saber que los doctores estaban en huelga, pero recib\u00edan conformes la informaci\u00f3n y acud\u00edan a la oficina de atenci\u00f3n al usuario para cambiar la fecha de sus consultas. As\u00ed le ocurri\u00f3 a la joven Elaine P\u00e9rez, quien con 14 d\u00edas de parida y su beb\u00e9 en los brazos acudi\u00f3 al centro, pero no pudo consultar al peque\u00f1o.<\/p>\n<p>Mientras las autoridades del hospital informaron que el paro solo se sinti\u00f3 en las \u00e1reas de consultas ya que las otras \u00e1reas como la emergencia, laboratorio, y la unidad de rayos X, las actividades se desarrollaron con normalidad. Sin embargo, Daysi Cruz, lament\u00f3 que se desplaz\u00f3 desde una zona apartada y no logr\u00f3 hacerse los an\u00e1lisis y un sonograma.<\/p>\n<p><strong>Piden mejores condiciones<\/strong><\/p>\n<p>El paro por mejores condiciones para el sector salud tambi\u00e9n se cumpli\u00f3 en el hospital Doctor Francisco A. Gonz\u00e1lez y el del Instituto Dominicano de Seguros Sociales, Ar\u00edstides Fiallo Cabral, en la provincia La Romana.<\/p>\n<p>Seg\u00fan Henry Jim\u00e9nez, secretario regional de la Asociaci\u00f3n Nacional de Enfermer\u00eda, el paro en el hospital no afect\u00f3 las emergencias y atendieron a los pacientes que estaban en estado cr\u00edtico. Asimismo, se manifest\u00f3 el personal del hospital Ar\u00edstides Fiallo Cabral, quienes reclamaron la designaci\u00f3n de m\u00e1s personal de enfermer\u00eda, debido a la superpoblaci\u00f3n de pacientes. Seg\u00fan Andr\u00e9s Ota\u00f1o, vocero de Asociaci\u00f3n de Enfermeras del IDSS en el centro, \u201cen tiempo de zafra el hospital se sobrecarga y las camas no alcanzan de tantos pacientes internos\u201d.<\/p>\n<p>Igual situaci\u00f3n se vivi\u00f3 en el hospital provincial Nuestra Se\u00f1ora de La Altagracia, en la ciudad de Hig\u00fcey, donde m\u00e9dicos y enfermeras apoyaron el paro. Los galenos de servicio atendieron los casos que llegaban a una emergencia que muestra un evidente deterioro. Al mediod\u00eda de ayer las \u00e1reas de espera en todo el hospital estaban solitarias, en tanto, empleadas del archivo se dedicaban a dialogar entre ellas.<\/p>\n<p><strong>Los gremios exigen mejores condiciones<\/strong><\/p>\n<p>El CMD y los gremios de la salud anunciaron para el d\u00eda que paralizar\u00e1n las labores no esenciales en los hospitales del Distrito Nacional y la Provincia Santo Domingo, en demanda del cumplimiento de las reivindicaciones de mejor\u00eda del sistema de salud, el 5 por ciento del PIB para el sector, una pensi\u00f3n digna para los m\u00e9dicos y los trabajadores de la salud, un reajuste salarial y nombramiento de m\u00e1s personal en los hospitales.<\/p>\n<p>&nbsp;<\/p>\n","protected":false},"excerpt":{"rendered":"<p>RD- ZONA ESTE -El paro convocado por los gremios del sector salud, encabezado por el Colegio M\u00e9dico Dominicano (CMD), se cumpli\u00f3 ayer en su totalidad en los hospitales de San Pedro de Macor\u00eds, La Romana e Hig\u00fcey, en la regi\u00f3n Este del pa\u00eds.Los m\u00e9dicos y enfermeras del hospital Regional Doctor Antonio Musa, en San Pedro [&hellip;]<\/p>\n","protected":false},"author":8,"featured_media":40983,"comment_status":"open","ping_status":"open","sticky":false,"template":"","format":"standard","meta":{"footnotes":""},"categories":[53,44,45],"tags":[],"class_list":["post-40982","post","type-post","status-publish","format-standard","has-post-thumbnail","hentry","category-provincias","category-republica-dominicana","category-salud"],"_links":{"self":[{"href":"https:\/\/2horizontes.com\/index.php?rest_route=\/wp\/v2\/posts\/40982","targetHints":{"allow":["GET"]}}],"collection":[{"href":"https:\/\/2horizontes.com\/index.php?rest_route=\/wp\/v2\/posts"}],"about":[{"href":"https:\/\/2horizontes.com\/index.php?rest_route=\/wp\/v2\/types\/post"}],"author":[{"embeddable":true,"href":"https:\/\/2horizontes.com\/index.php?rest_route=\/wp\/v2\/users\/8"}],"replies":[{"embeddable":true,"href":"https:\/\/2horizontes.com\/index.php?rest_route=%2Fwp%2Fv2%2Fcomments&post=40982"}],"version-history":[{"count":1,"href":"https:\/\/2horizontes.com\/index.php?rest_route=\/wp\/v2\/posts\/40982\/revisions"}],"predecessor-version":[{"id":40984,"href":"https:\/\/2horizontes.com\/index.php?rest_route=\/wp\/v2\/posts\/40982\/revisions\/40984"}],"wp:featuredmedia":[{"embeddable":true,"href":"https:\/\/2horizontes.com\/index.php?rest_route=\/wp\/v2\/media\/40983"}],"wp:attachment":[{"href":"https:\/\/2horizontes.com\/index.php?rest_route=%2Fwp%2Fv2%2Fmedia&parent=40982"}],"wp:term":[{"taxonomy":"category","embeddable":true,"href":"https:\/\/2horizontes.com\/index.php?rest_route=%2Fwp%2Fv2%2Fcategories&post=40982"},{"taxonomy":"post_tag","embeddable":true,"href":"https:\/\/2horizontes.com\/index.php?rest_route=%2Fwp%2Fv2%2Ftags&post=40982"}],"curies":[{"name":"wp","href":"https:\/\/api.w.org\/{rel}","templated":true}]}}