{"id":40938,"date":"2016-02-04T14:45:47","date_gmt":"2016-02-04T13:45:47","guid":{"rendered":"http:\/\/2horizontes.com\/?p=40938"},"modified":"2016-02-04T14:46:43","modified_gmt":"2016-02-04T13:46:43","slug":"latinoamericanos-faltan-muchas-respuestas-sobre-zika","status":"publish","type":"post","link":"https:\/\/2horizontes.com\/?p=40938","title":{"rendered":"Latinoamericanos: Faltan muchas respuestas sobre zika"},"content":{"rendered":"<div id=\"ArticleAuthorDiv\" class=\"article-body-author\"><b>AP<\/b><\/div>\n<div id=\"ArticleSourceDiv\" class=\"article-body-author\"><b>MONTEVIDEO, Uruguay<\/b><\/div>\n<div id=\"ArticleBody\">\n<p>El zika es un enemigo que aun presenta facetas desconocidas que ser\u00e1 necesario aclarar cient\u00edficamente para poder tener \u00e9xito en su combate.<\/p>\n<p>Fue una de las principales conclusiones a las que arribaron los ministros de salud de 13 pa\u00edses de Am\u00e9rica Latina y el Caribe, que se reunieron el mi\u00e9rcoles en Montevideo para intentar coordinar acciones contra este virus.<\/p>\n<p>\u00abEs clave involucrar fuertemente a las oficinas acad\u00e9micas, a los investigadores, porque hay muchas respuestas por terminar de aclarar. Todav\u00eda tenemos como desaf\u00edo algunas preguntas sobre las cuales no se ha consolidado evidencia cient\u00edficas\u00bb, dijo el ministro de salud de Uruguay, Jorge Basso, en una conferencia de prensa conjunta tras la cumbre.<\/p>\n<p>Uno de los puntos que resta aclarar es si es posible que el zika sea transmitido a trav\u00e9s de las relaciones sexuales, adem\u00e1s de por la picadura del mosquito Aedes Aegypti.<\/p>\n<p>La directora de la Organizaci\u00f3n Panamericana de la Salud (OPS), Carissa Etienne, dijo que el organismo a\u00fan no confirm\u00f3 un supuesto caso de transmisi\u00f3n sexual del zika que se habr\u00eda registrado en Texas, Estados Unidos.<\/p>\n<p>\u00abEn caso de confirmarse eso implicar\u00eda una nueva dimensi\u00f3n del problema\u00bb, dijo en rueda de prensa.<\/p>\n<p>Etienne dijo que la OPS ha donado 850.000 d\u00f3lares a los pa\u00edses de Am\u00e9rica para que enfrenten la enfermedad, y que volcar\u00e1 otros 8,5 millones de d\u00f3lares en los pr\u00f3ximos meses. \u00abPara obtener ese dinero la OPS le pedir\u00e1 a diferente donantes que colaboren con esta lucha\u00bb, manifest\u00f3.<\/p>\n<p>La Organizaci\u00f3n Mundial de la Salud calcula que podr\u00edan reportarse de tres a cuatro millones de casos de zika en el continente americano en 2016.<\/p>\n<p>El ministro uruguayo Basso dijo que el dinero ser\u00e1 muy importante para financiar las investigaciones cient\u00edficas que hacen falta.<\/p>\n<p>Otro punto pol\u00e9mico, en el cual las delegaciones no exhibieron la misma posici\u00f3n fue el de la posible vinculaci\u00f3n entre el zika y los casos de microcefalia entre los reci\u00e9n nacidos.<\/p>\n<p>El ministro de Salud de Colombia Alejandro Gaviria dijo que en su pa\u00eds hay una cifra alta de casos pero no ha aparecido ning\u00fan caso confirmado de microcefalia. \u00abTodo esto nos llev\u00f3 a una conclusi\u00f3n que es muy importante. Y es que hay que asociar los factores asociados que hacen que se presenten m\u00e1s casos de microcefalia en Brasil que en otros pa\u00edses. Necesitamos mayor conocimiento. Es un misterio\u00bb, dijo Gaviria a The Associated Press.<\/p>\n<p>Agreg\u00f3 que sus colegas de Chile, en Isla de Pascua, y Surinam informaron que en sus pa\u00edses no se han presentado casos de microcefalia, a pesar de tener zika.<\/p>\n<p>Desde octubre de 2015 Brasil ha reportado m\u00e1s de 4.000 casos sospechosos de microcefalia en \u00e1reas afectadas por zika, pero no todos han sido vinculados con el virus.<\/p>\n<p>Sin embargo, el ministro de salud de Brasil, Marcelo Castro, fue tajante en la rueda de prensa en sostener que el aumento de casos de microcefalia de su pa\u00eds se deben al zika.<\/p>\n<p>\u00abNosotros en Brasil estamos afirmando de manera categ\u00f3rica, indudable, de que hay una correlaci\u00f3n positiva, entre la epidemia de microcefalia que Brasil est\u00e1 atravesando y la epidemia del virus zika. Las evidencias de que es el virus zika el que causa la microcefalia son m\u00faltiples e incuestionables\u00bb, manifest\u00f3 en la conferencia de prensa tras el simposio.<\/p>\n<p>De todos modos, admiti\u00f3 que resta saber si alg\u00fan otro factor es necesario para que, sumado al zika, provoque la microcefalia del reci\u00e9n nacido.<\/p>\n<p>Tras escuchar a su colega brasile\u00f1o, Gaviria manifest\u00f3 a la Associated Press que m\u00e1s que un punto de vista divergente, Colombia tiene una incertidumbre al respecto. \u00abLo responsable es plantearlo como una duda. Puede ser que sea un rezago temporal, y ma\u00f1ana comiencen a aparecer los casos en Colombia. La verdad es que no lo sabemos\u00bb.<\/p>\n<p>Antes de ingresar a la reuni\u00f3n, el ministro brasile\u00f1o Castro se\u00f1al\u00f3 a la prensa que se realizar\u00e1n esfuerzos conjuntos para lograr una vacuna.<\/p>\n<p>\u00abEn el futuro haremos una asociaci\u00f3n con diversos laboratorios para la investigaci\u00f3n de una vacuna. Hubo llamadas telef\u00f3nicas entre Dilma (Rousseff) y (Barack) Obama y en el d\u00eda 11 llegar\u00e1n los t\u00e9cnicos de Estados Unidos a Brasil para hacer una reuni\u00f3n de alto nivel para determinar los pasos y todo el cronograma de esta asociaci\u00f3n para el desarrollo de esta probable vacuna\u00bb, afirm\u00f3.<\/p>\n<p>La conferencia se realiza luego de que el 1 de febrero la Organizaci\u00f3n Mundial de la Salud declar\u00f3 que el brote de zika constituye \u00abuna emergencia de salud p\u00fablica de importancia internacional\u00bb debido a los casos de microcefalia que se han reportado en \u00e1reas de Brasil donde el virus est\u00e1 presente y que han sido asociados con el zika.<\/p>\n<p>Los reci\u00e9n nacidos con microcefalia tienen una cabeza m\u00e1s peque\u00f1a que lo normal, lo que puede provocar un menor desarrollo cerebral.<\/p>\n<p>En la actualidad, 26 pa\u00edses y territorios de las Am\u00e9ricas han reportado transmisi\u00f3n aut\u00f3ctona del zika y existe preocupaci\u00f3n ante la posibilidad de que puedan aparecer m\u00e1s casos de microcefalia u otras patolog\u00edas.<\/p>\n<p>Los pa\u00edses se comprometieron a ahondar en la coordinaci\u00f3n y cooperaci\u00f3n de modo de combatir mejor al mosquito Aedes aegypti y mantener informadas a sus poblaciones sobre las medidas precautorias ante la epidemia. Participan de la reuni\u00f3n los ministros de Salud de Argentina, Brasil, Paraguay, Uruguay, Venezuela, Bolivia, Chile, Per\u00fa, Colombia, Ecuador, Surinam, Costa Rica y Rep\u00fablica Dominicana.<\/p>\n<\/div>\n","protected":false},"excerpt":{"rendered":"<p>AP MONTEVIDEO, Uruguay El zika es un enemigo que aun presenta facetas desconocidas que ser\u00e1 necesario aclarar cient\u00edficamente para poder tener \u00e9xito en su combate. Fue una de las principales conclusiones a las que arribaron los ministros de salud de 13 pa\u00edses de Am\u00e9rica Latina y el Caribe, que se reunieron el mi\u00e9rcoles en Montevideo [&hellip;]<\/p>\n","protected":false},"author":7,"featured_media":40940,"comment_status":"open","ping_status":"open","sticky":false,"template":"","format":"standard","meta":{"footnotes":""},"categories":[40,45],"tags":[],"class_list":["post-40938","post","type-post","status-publish","format-standard","has-post-thumbnail","hentry","category-internacionales","category-salud"],"_links":{"self":[{"href":"https:\/\/2horizontes.com\/index.php?rest_route=\/wp\/v2\/posts\/40938","targetHints":{"allow":["GET"]}}],"collection":[{"href":"https:\/\/2horizontes.com\/index.php?rest_route=\/wp\/v2\/posts"}],"about":[{"href":"https:\/\/2horizontes.com\/index.php?rest_route=\/wp\/v2\/types\/post"}],"author":[{"embeddable":true,"href":"https:\/\/2horizontes.com\/index.php?rest_route=\/wp\/v2\/users\/7"}],"replies":[{"embeddable":true,"href":"https:\/\/2horizontes.com\/index.php?rest_route=%2Fwp%2Fv2%2Fcomments&post=40938"}],"version-history":[{"count":2,"href":"https:\/\/2horizontes.com\/index.php?rest_route=\/wp\/v2\/posts\/40938\/revisions"}],"predecessor-version":[{"id":40942,"href":"https:\/\/2horizontes.com\/index.php?rest_route=\/wp\/v2\/posts\/40938\/revisions\/40942"}],"wp:featuredmedia":[{"embeddable":true,"href":"https:\/\/2horizontes.com\/index.php?rest_route=\/wp\/v2\/media\/40940"}],"wp:attachment":[{"href":"https:\/\/2horizontes.com\/index.php?rest_route=%2Fwp%2Fv2%2Fmedia&parent=40938"}],"wp:term":[{"taxonomy":"category","embeddable":true,"href":"https:\/\/2horizontes.com\/index.php?rest_route=%2Fwp%2Fv2%2Fcategories&post=40938"},{"taxonomy":"post_tag","embeddable":true,"href":"https:\/\/2horizontes.com\/index.php?rest_route=%2Fwp%2Fv2%2Ftags&post=40938"}],"curies":[{"name":"wp","href":"https:\/\/api.w.org\/{rel}","templated":true}]}}