{"id":40906,"date":"2016-02-04T02:40:28","date_gmt":"2016-02-04T01:40:28","guid":{"rendered":"http:\/\/2horizontes.com\/?p=40906"},"modified":"2016-02-04T02:40:28","modified_gmt":"2016-02-04T01:40:28","slug":"anna-vaccarella-recibe-con-exito-trasplante-de-medula","status":"publish","type":"post","link":"https:\/\/2horizontes.com\/?p=40906","title":{"rendered":"Anna Vaccarella recibe con \u00e9xito trasplante de m\u00e9dula"},"content":{"rendered":"<div>\n<div class=\"trb_ar_page\">\n<p><strong>New York, EEUU.-<\/strong>La reconocida periodista venezolana Anna Vaccarella fue sometida con \u00e9xito a un trasplante de m\u00e9dula en la ciudad de Nueva York.<\/p>\n<p>\u00abMe siento bien y descansando\u201d, fueron las\u00a0palabras\u00a0que los medios venezolanos reprodujeron de la destacada comunicadora, quien se comunic\u00f3\u00a0v\u00eda telef\u00f3nica con amigos y colegas del medio en Venezuela.<\/p>\n<p>Vaccarella recibi\u00f3 el\u00a0trasplante en el Memorial Sloan Keering C\u00e1ncer Center y de acuerdo a medios locales, el procedimiento hab\u00eda sido pautado para el primero de febrero, pero durante el fin de semana pasado, la comunicadora social recibi\u00f3 la noticia de un cambio de fecha del trasplante,\u00a0lo cual la llen\u00f3 de mucho \u00e1nimo porque la intervenci\u00f3n se program\u00f3 para el dos de febrero, D\u00eda de la Virgen de la Candelaria, que aqu\u00ed en Los \u00c1ngeles la gente celebra comiendo\u00a0tamales.<\/p>\n<p>Aseguran que el\u00a0procedimiento quir\u00fargico consisti\u00f3 en un transplante que incluy\u00f3 parte de sus mismas c\u00e9lulas, por lo que se estima que no exista\u00a0ning\u00fan tipo de rechazo tras la operaci\u00f3n.<\/p>\n<p>Anna Vaccarella viaj\u00f3\u00a0a Nueva York el pasado mes de enero, para someterse a tratamientos especiales y otros procedimientos m\u00e9dicos para combatir\u00a0el linfoma no-Hodgkin de c\u00e9lulas grandes difusas tipo B, que le fue detectado en 2015.<\/p>\n<p>Horas antes del trasplante, la reconocida periodista, conocida por sus trabajos en canales de televisi\u00f3n como RCTV y Venevisi\u00f3n, recibi\u00f3 una visita muy emotiva del cantante venezolano Yordano, quien le manifest\u00f3 su confianza en que todo saldr\u00eda bien y, la verdad, no se equivoc\u00f3.<\/p>\n<p>Por otra parte, indicaron que el m\u00e9dico Sergio Giralt fue el cirujano encargado de realizar\u00a0la operaci\u00f3n, en la cual se realiz\u00f3 el\u00a0trasplante de m\u00e9dula para combatir el\u00a0mal que\u00a0le fue detectado el a\u00f1o pasado, seg\u00fan inform\u00f3 su esposo, el locutor Rom\u00e1n Lozinski, a trav\u00e9s del diario El Nacional, de Venezuela.<\/p>\n<p>\u201cA ella se le har\u00e1 un trasplante autol\u00f3gico, es decir, con parte de sus mismas c\u00e9lulas, por lo que las posibilidades de rechazo son muy inferiores. No hay donantes de por medio. Todos son puntos que van acumul\u00e1ndose en beneficio de Anna para que tenga un mejor pron\u00f3stico\u201d, hab\u00eda explicado Lozinski antes de la intervenci\u00f3n.<\/p>\n<\/div>\n<\/div>\n","protected":false},"excerpt":{"rendered":"<p>New York, EEUU.-La reconocida periodista venezolana Anna Vaccarella fue sometida con \u00e9xito a un trasplante de m\u00e9dula en la ciudad de Nueva York. \u00abMe siento bien y descansando\u201d, fueron las\u00a0palabras\u00a0que los medios venezolanos reprodujeron de la destacada comunicadora, quien se comunic\u00f3\u00a0v\u00eda telef\u00f3nica con amigos y colegas del medio en Venezuela. Vaccarella recibi\u00f3 el\u00a0trasplante en el [&hellip;]<\/p>\n","protected":false},"author":13240,"featured_media":40907,"comment_status":"open","ping_status":"open","sticky":false,"template":"","format":"standard","meta":{"footnotes":""},"categories":[40,48],"tags":[],"class_list":["post-40906","post","type-post","status-publish","format-standard","has-post-thumbnail","hentry","category-internacionales","category-venezuela"],"_links":{"self":[{"href":"https:\/\/2horizontes.com\/index.php?rest_route=\/wp\/v2\/posts\/40906","targetHints":{"allow":["GET"]}}],"collection":[{"href":"https:\/\/2horizontes.com\/index.php?rest_route=\/wp\/v2\/posts"}],"about":[{"href":"https:\/\/2horizontes.com\/index.php?rest_route=\/wp\/v2\/types\/post"}],"author":[{"embeddable":true,"href":"https:\/\/2horizontes.com\/index.php?rest_route=\/wp\/v2\/users\/13240"}],"replies":[{"embeddable":true,"href":"https:\/\/2horizontes.com\/index.php?rest_route=%2Fwp%2Fv2%2Fcomments&post=40906"}],"version-history":[{"count":1,"href":"https:\/\/2horizontes.com\/index.php?rest_route=\/wp\/v2\/posts\/40906\/revisions"}],"predecessor-version":[{"id":40908,"href":"https:\/\/2horizontes.com\/index.php?rest_route=\/wp\/v2\/posts\/40906\/revisions\/40908"}],"wp:featuredmedia":[{"embeddable":true,"href":"https:\/\/2horizontes.com\/index.php?rest_route=\/wp\/v2\/media\/40907"}],"wp:attachment":[{"href":"https:\/\/2horizontes.com\/index.php?rest_route=%2Fwp%2Fv2%2Fmedia&parent=40906"}],"wp:term":[{"taxonomy":"category","embeddable":true,"href":"https:\/\/2horizontes.com\/index.php?rest_route=%2Fwp%2Fv2%2Fcategories&post=40906"},{"taxonomy":"post_tag","embeddable":true,"href":"https:\/\/2horizontes.com\/index.php?rest_route=%2Fwp%2Fv2%2Ftags&post=40906"}],"curies":[{"name":"wp","href":"https:\/\/api.w.org\/{rel}","templated":true}]}}