{"id":40903,"date":"2016-02-04T01:26:11","date_gmt":"2016-02-04T00:26:11","guid":{"rendered":"http:\/\/2horizontes.com\/?p=40903"},"modified":"2016-02-04T01:26:11","modified_gmt":"2016-02-04T00:26:11","slug":"leonel-fernandez-inicia-observacion-del-referendo-constitucional-a-celebrarse-en-bolivia","status":"publish","type":"post","link":"https:\/\/2horizontes.com\/?p=40903","title":{"rendered":"Leonel Fern\u00e1ndez inicia observaci\u00f3n del Referendo Constitucional a celebrarse en Bolivia"},"content":{"rendered":"<p>La Paz (Bolivia).-El expresidente de Rep\u00fablica Dominicana y jefe de la Misi\u00f3n de Observaci\u00f3n Electoral de la Organizaci\u00f3n de Estados Americanos (OEA) para Bolivia, Leonel Fern\u00e1ndez, comenz\u00f3 este mi\u00e9rcoles las labores iniciales de observaci\u00f3n del Referendo Constitucional Aprobatorio, que tendr\u00e1 lugar el 21 de este mes en este pa\u00eds suramericano.<\/p>\n<p>Como parte de su agenda de trabajo, Fern\u00e1ndez se reuni\u00f3 en la\u00a0ma\u00f1ana\u00a0de este mi\u00e9rcoles con el presidente de esta naci\u00f3n, Evo Morales, y con los miembros del Tribunal Supremo Electoral de Bolivia. Lo propio hizo con integrantes de las organizaciones pol\u00edticas que apoyan las diferentes opciones en el proyectado referendo.<\/p>\n<p>La misi\u00f3n de observaci\u00f3n que encabeza el ex mandatario dominicano est\u00e1 compuesta por expertos y observadores internacionales que se desplegar\u00e1n en los nueve departamentos en que est\u00e1 dividida Bolivia.<\/p>\n<p>Bajo las orientaciones de Fern\u00e1ndez, un grupo de especialistas llevar\u00e1 a cabo un an\u00e1lisis sustantivo del proceso en materia de organizaci\u00f3n electoral, an\u00e1lisis pol\u00edtico, medios de comunicaci\u00f3n y equidad en mecanismos de democracia directa.<\/p>\n<p>&nbsp;<\/p>\n","protected":false},"excerpt":{"rendered":"<p>La Paz (Bolivia).-El expresidente de Rep\u00fablica Dominicana y jefe de la Misi\u00f3n de Observaci\u00f3n Electoral de la Organizaci\u00f3n de Estados Americanos (OEA) para Bolivia, Leonel Fern\u00e1ndez, comenz\u00f3 este mi\u00e9rcoles las labores iniciales de observaci\u00f3n del Referendo Constitucional Aprobatorio, que tendr\u00e1 lugar el 21 de este mes en este pa\u00eds suramericano. Como parte de su agenda [&hellip;]<\/p>\n","protected":false},"author":8,"featured_media":40904,"comment_status":"open","ping_status":"open","sticky":false,"template":"","format":"standard","meta":{"footnotes":""},"categories":[40,43],"tags":[],"class_list":["post-40903","post","type-post","status-publish","format-standard","has-post-thumbnail","hentry","category-internacionales","category-politica"],"_links":{"self":[{"href":"https:\/\/2horizontes.com\/index.php?rest_route=\/wp\/v2\/posts\/40903","targetHints":{"allow":["GET"]}}],"collection":[{"href":"https:\/\/2horizontes.com\/index.php?rest_route=\/wp\/v2\/posts"}],"about":[{"href":"https:\/\/2horizontes.com\/index.php?rest_route=\/wp\/v2\/types\/post"}],"author":[{"embeddable":true,"href":"https:\/\/2horizontes.com\/index.php?rest_route=\/wp\/v2\/users\/8"}],"replies":[{"embeddable":true,"href":"https:\/\/2horizontes.com\/index.php?rest_route=%2Fwp%2Fv2%2Fcomments&post=40903"}],"version-history":[{"count":1,"href":"https:\/\/2horizontes.com\/index.php?rest_route=\/wp\/v2\/posts\/40903\/revisions"}],"predecessor-version":[{"id":40905,"href":"https:\/\/2horizontes.com\/index.php?rest_route=\/wp\/v2\/posts\/40903\/revisions\/40905"}],"wp:featuredmedia":[{"embeddable":true,"href":"https:\/\/2horizontes.com\/index.php?rest_route=\/wp\/v2\/media\/40904"}],"wp:attachment":[{"href":"https:\/\/2horizontes.com\/index.php?rest_route=%2Fwp%2Fv2%2Fmedia&parent=40903"}],"wp:term":[{"taxonomy":"category","embeddable":true,"href":"https:\/\/2horizontes.com\/index.php?rest_route=%2Fwp%2Fv2%2Fcategories&post=40903"},{"taxonomy":"post_tag","embeddable":true,"href":"https:\/\/2horizontes.com\/index.php?rest_route=%2Fwp%2Fv2%2Ftags&post=40903"}],"curies":[{"name":"wp","href":"https:\/\/api.w.org\/{rel}","templated":true}]}}