{"id":40896,"date":"2016-02-04T00:55:01","date_gmt":"2016-02-03T23:55:01","guid":{"rendered":"http:\/\/2horizontes.com\/?p=40896"},"modified":"2016-02-04T00:55:01","modified_gmt":"2016-02-03T23:55:01","slug":"estudiantes-de-la-uasd-en-huelga-de-hambre-en-demanda-de-docencia-rd","status":"publish","type":"post","link":"https:\/\/2horizontes.com\/?p=40896","title":{"rendered":"Estudiantes de la UASD en huelga de hambre en demanda de docencia RD"},"content":{"rendered":"<p>RD- SANTO DOMINGO-Miembros del grupo Vanguardia Estudiantil de la Universidad Aut\u00f3noma de Santo Domingo (UASD) iniciaron este mi\u00e9rcoles una huelga de hambre en protesta por el paro de docencia, \u00a0que realizan los profesores de esa instituci\u00f3n\u00a0 desde hace varios d\u00edas.<\/p>\n<p>El grupo tambi\u00e9n realiz\u00f3 en la Rector\u00eda el simulacro \u00a0de un aula con docencia en rechazo a esta situaci\u00f3n.<\/p>\n<p>Asegur\u00f3 que est\u00e1n de acuerdo con las exigencias de los docentes, \u00a0pero no del paro de labores.<\/p>\n<p>\u201cNosotros queremos docencia ya los estudiantes est\u00e1n cansados, ya hay muchos que se est\u00e1n retirando para los pueblos, hay que hacerle un llamado a los profesores y decirle que no sean tan indolentes \u201c, dijo Joel Suero, vocero de Vanguardia Estudiantil.<\/p>\n<p>Mientras que un estudiante \u00a0que se identific\u00f3 solo como Federico dijo que \u201cNosotros estamos de acuerdo con las reivindicaciones de los salarios para los profesores, pero no queremos que nosotros seamos utilizados como punta de lanza para ellos lograr su objetivo, lo que queremos es que ellos busquen otros medios y que nos den nuestras clases\u201d.<\/p>\n<p>Los profesores de la UASD demandan, \u00a0entre otras reivindicaciones, un \u00a0aumento salarial de un 40 por ciento.<\/p>\n<p>&nbsp;<\/p>\n","protected":false},"excerpt":{"rendered":"<p>RD- SANTO DOMINGO-Miembros del grupo Vanguardia Estudiantil de la Universidad Aut\u00f3noma de Santo Domingo (UASD) iniciaron este mi\u00e9rcoles una huelga de hambre en protesta por el paro de docencia, \u00a0que realizan los profesores de esa instituci\u00f3n\u00a0 desde hace varios d\u00edas. El grupo tambi\u00e9n realiz\u00f3 en la Rector\u00eda el simulacro \u00a0de un aula con docencia en [&hellip;]<\/p>\n","protected":false},"author":8,"featured_media":40897,"comment_status":"open","ping_status":"open","sticky":false,"template":"","format":"standard","meta":{"footnotes":""},"categories":[55,44],"tags":[],"class_list":["post-40896","post","type-post","status-publish","format-standard","has-post-thumbnail","hentry","category-educacion","category-republica-dominicana"],"_links":{"self":[{"href":"https:\/\/2horizontes.com\/index.php?rest_route=\/wp\/v2\/posts\/40896","targetHints":{"allow":["GET"]}}],"collection":[{"href":"https:\/\/2horizontes.com\/index.php?rest_route=\/wp\/v2\/posts"}],"about":[{"href":"https:\/\/2horizontes.com\/index.php?rest_route=\/wp\/v2\/types\/post"}],"author":[{"embeddable":true,"href":"https:\/\/2horizontes.com\/index.php?rest_route=\/wp\/v2\/users\/8"}],"replies":[{"embeddable":true,"href":"https:\/\/2horizontes.com\/index.php?rest_route=%2Fwp%2Fv2%2Fcomments&post=40896"}],"version-history":[{"count":1,"href":"https:\/\/2horizontes.com\/index.php?rest_route=\/wp\/v2\/posts\/40896\/revisions"}],"predecessor-version":[{"id":40898,"href":"https:\/\/2horizontes.com\/index.php?rest_route=\/wp\/v2\/posts\/40896\/revisions\/40898"}],"wp:featuredmedia":[{"embeddable":true,"href":"https:\/\/2horizontes.com\/index.php?rest_route=\/wp\/v2\/media\/40897"}],"wp:attachment":[{"href":"https:\/\/2horizontes.com\/index.php?rest_route=%2Fwp%2Fv2%2Fmedia&parent=40896"}],"wp:term":[{"taxonomy":"category","embeddable":true,"href":"https:\/\/2horizontes.com\/index.php?rest_route=%2Fwp%2Fv2%2Fcategories&post=40896"},{"taxonomy":"post_tag","embeddable":true,"href":"https:\/\/2horizontes.com\/index.php?rest_route=%2Fwp%2Fv2%2Ftags&post=40896"}],"curies":[{"name":"wp","href":"https:\/\/api.w.org\/{rel}","templated":true}]}}