{"id":40872,"date":"2016-02-03T20:53:50","date_gmt":"2016-02-03T19:53:50","guid":{"rendered":"http:\/\/2horizontes.com\/?p=40872"},"modified":"2016-02-03T20:53:50","modified_gmt":"2016-02-03T19:53:50","slug":"la-audiencia-imputa-a-ruben-castro-por-cuatro-delitos-de-maltrato-a-su-exnovia","status":"publish","type":"post","link":"https:\/\/2horizontes.com\/?p=40872","title":{"rendered":"La Audiencia imputa a Rub\u00e9n Castro por cuatro delitos de maltrato a su exnovia"},"content":{"rendered":"<p>La Audiencia Provincial de Sevilla ha ampliado los cargos contra el jugador del Real Betis Rub\u00e9n Castro, a quien la juez de Violencia sobre la Mujer n\u00famero 3 proces\u00f3 por cuatro delitos de maltrato y un quinto delito de amenazas leves hacia su exnovia, y le ha atribuido nuevas agresiones contra la v\u00edctima como propinarle una patada en el est\u00f3mago o causarle un hematoma en el ojo izquierdo, que podr\u00edan constituir un nuevo delito de maltrato habitual, ya que \u201cel uso de la violencia como m\u00e9todo de imposici\u00f3n y de sometimiento de la voluntad ha sido reiterado y no aislado\u201d.<\/p>\n<p>En un auto, al que ha tenido acceso Europa Press, la Secci\u00f3n Cuarta de la Audiencia estima parcialmente el recurso presentado por la defensa de la afectada contra el auto de procedimiento abreviado dictado por la juez y ordena a \u00e9sta que incluya en el relato de hechos nuevas agresiones cometidas supuestamente por el delantero del Betis, para quien la Fiscal\u00eda de Sevilla pide dos a\u00f1os y un mes de c\u00e1rcel.<\/p>\n<p>La acusaci\u00f3n particular que ejerce la exnovia del futbolista recurri\u00f3 la decisi\u00f3n de la juez de archivar la denuncia interpuesta contra Rub\u00e9n Castro por los delitos de agresi\u00f3n sexual y maltrato habitual, y ahora la Audiencia Provincial estima parcialmente el recurso aunque \u00fanicamente en lo relativo al delito de maltrato habitual, ya que \u201cno existen indicios racionales\u201d del delito de agresi\u00f3n sexual.<\/p>\n<p>Rub\u00e9n la cogi\u00f3 fuertemente por el cuello por no ense\u00f1arle el m\u00f3vil\u201d<\/p>\n<p>Un Testigo<br \/>\nEn este sentido, el tribunal ordena a la juez que incluya como hecho probado que, durante la relaci\u00f3n, \u201cfueron frecuentes las disputas verbales e incluso f\u00edsicas entre ambos, llegando el imputado a ejercer frecuentes actos de violencia contra\u201d la v\u00edctima, de manera que el 15 de octubre de 2002, \u201ccuando se encontraban en el domicilio de Rub\u00e9n Castro, \u00e9ste golpe\u00f3\u201d a la v\u00edctima, caus\u00e1ndole un hematoma en el ojo izquierdo.<\/p>\n<p>En este caso, la Audiencia se basa en los testimonios prestados por dos amigas de la v\u00edctima, \u201ca las que la denunciante ha contado en ocasiones las agresiones que ha sufrido y han podido comprobar c\u00f3mo \u00e9sta ten\u00eda se\u00f1ales en su cuerpo compatibles con agresiones\u201d, y en una fotograf\u00eda de esa misma fecha, pruebas \u201cque permiten considerar que existen indicios suficientes para sustentar la imputaci\u00f3n por ese incidente\u201d.<\/p>\n","protected":false},"excerpt":{"rendered":"<p>La Audiencia Provincial de Sevilla ha ampliado los cargos contra el jugador del Real Betis Rub\u00e9n Castro, a quien la juez de Violencia sobre la Mujer n\u00famero 3 proces\u00f3 por cuatro delitos de maltrato y un quinto delito de amenazas leves hacia su exnovia, y le ha atribuido nuevas agresiones contra la v\u00edctima como propinarle [&hellip;]<\/p>\n","protected":false},"author":3,"featured_media":40873,"comment_status":"open","ping_status":"open","sticky":false,"template":"","format":"standard","meta":{"footnotes":""},"categories":[42,85],"tags":[],"class_list":["post-40872","post","type-post","status-publish","format-standard","has-post-thumbnail","hentry","category-deportes","category-espana"],"_links":{"self":[{"href":"https:\/\/2horizontes.com\/index.php?rest_route=\/wp\/v2\/posts\/40872","targetHints":{"allow":["GET"]}}],"collection":[{"href":"https:\/\/2horizontes.com\/index.php?rest_route=\/wp\/v2\/posts"}],"about":[{"href":"https:\/\/2horizontes.com\/index.php?rest_route=\/wp\/v2\/types\/post"}],"author":[{"embeddable":true,"href":"https:\/\/2horizontes.com\/index.php?rest_route=\/wp\/v2\/users\/3"}],"replies":[{"embeddable":true,"href":"https:\/\/2horizontes.com\/index.php?rest_route=%2Fwp%2Fv2%2Fcomments&post=40872"}],"version-history":[{"count":1,"href":"https:\/\/2horizontes.com\/index.php?rest_route=\/wp\/v2\/posts\/40872\/revisions"}],"predecessor-version":[{"id":40874,"href":"https:\/\/2horizontes.com\/index.php?rest_route=\/wp\/v2\/posts\/40872\/revisions\/40874"}],"wp:featuredmedia":[{"embeddable":true,"href":"https:\/\/2horizontes.com\/index.php?rest_route=\/wp\/v2\/media\/40873"}],"wp:attachment":[{"href":"https:\/\/2horizontes.com\/index.php?rest_route=%2Fwp%2Fv2%2Fmedia&parent=40872"}],"wp:term":[{"taxonomy":"category","embeddable":true,"href":"https:\/\/2horizontes.com\/index.php?rest_route=%2Fwp%2Fv2%2Fcategories&post=40872"},{"taxonomy":"post_tag","embeddable":true,"href":"https:\/\/2horizontes.com\/index.php?rest_route=%2Fwp%2Fv2%2Ftags&post=40872"}],"curies":[{"name":"wp","href":"https:\/\/api.w.org\/{rel}","templated":true}]}}