{"id":40869,"date":"2016-02-03T20:51:02","date_gmt":"2016-02-03T19:51:02","guid":{"rendered":"http:\/\/2horizontes.com\/?p=40869"},"modified":"2016-02-03T20:51:02","modified_gmt":"2016-02-03T19:51:02","slug":"un-actor-italiano-en-coma-tras-una-escena-de-ahorcamiento","status":"publish","type":"post","link":"https:\/\/2horizontes.com\/?p=40869","title":{"rendered":"Un actor italiano, en coma tras una escena de ahorcamiento"},"content":{"rendered":"<p>Rafael Schumacher, un actor italiano de 27 a\u00f1os, participaba en una obra de teatro experimental en la que su personaje se ahorcaba. Sin embargo, algo sali\u00f3 mal con la cuerda y el joven artista acab\u00f3 estrangulado durante la representaci\u00f3n de \u2018Mirages\u2019, que tuvo en el Teatro Lux de Pisa.<\/p>\n<p>Gracias a la intervenci\u00f3n de un espectador graduado en medicina que asisti\u00f3 al evento y que avis\u00f3 a los equipos de emergencia, Schumacher fue trasladado de inmediato al hospital, donde se encuentra en coma, seg\u00fan informan medios como Time o The Independent.<\/p>\n<p>Al parecer, el espectador se dio cuenta de que Schumacher se estaba ahorcando en el escenario con una cuerda demasiado ce\u00f1ida que le imped\u00eda respirar.<\/p>\n<p>De acuerdo con The Independent, una caja sobre la cual Schumacher se iba a apoyar mientras se ajustaba el nudo corredizo hab\u00eda sido movida. Tambi\u00e9n se iba a vestir con un arn\u00e9s.<\/p>\n<p>Uno de los actores, conmocionado, ha lamentado que \u201cel nudo debi\u00f3 de fallar\u201d y ha confirmado que un arn\u00e9s deb\u00eda sostenerlo si ca\u00eda.<\/p>\n<p>Lo que no me puedo explicar es c\u00f3mo un incidente como este ha podido tener lugar\u201d, ha declarado este compa\u00f1ero del int\u00e9rprete italiano.<\/p>\n<p>Gabriele De Luca, director art\u00edstico del teatro, dijo al diario italiano \u2018Il Giorno\u2019 que Schumacher cambi\u00f3 el guion en el \u00faltimo momento, optando por \u2018suicidarse\u2019 ahorc\u00e1ndose en lugar de con un disparo. Sin embargo, la madre del actor piensa que Schumacher \u201cno ten\u00eda motivos para suicidarse\u201d.<\/p>\n","protected":false},"excerpt":{"rendered":"<p>Rafael Schumacher, un actor italiano de 27 a\u00f1os, participaba en una obra de teatro experimental en la que su personaje se ahorcaba. Sin embargo, algo sali\u00f3 mal con la cuerda y el joven artista acab\u00f3 estrangulado durante la representaci\u00f3n de \u2018Mirages\u2019, que tuvo en el Teatro Lux de Pisa. Gracias a la intervenci\u00f3n de un [&hellip;]<\/p>\n","protected":false},"author":3,"featured_media":40870,"comment_status":"open","ping_status":"open","sticky":false,"template":"","format":"standard","meta":{"footnotes":""},"categories":[1,86],"tags":[],"class_list":["post-40869","post","type-post","status-publish","format-standard","has-post-thumbnail","hentry","category-entretenimiento","category-europa"],"_links":{"self":[{"href":"https:\/\/2horizontes.com\/index.php?rest_route=\/wp\/v2\/posts\/40869","targetHints":{"allow":["GET"]}}],"collection":[{"href":"https:\/\/2horizontes.com\/index.php?rest_route=\/wp\/v2\/posts"}],"about":[{"href":"https:\/\/2horizontes.com\/index.php?rest_route=\/wp\/v2\/types\/post"}],"author":[{"embeddable":true,"href":"https:\/\/2horizontes.com\/index.php?rest_route=\/wp\/v2\/users\/3"}],"replies":[{"embeddable":true,"href":"https:\/\/2horizontes.com\/index.php?rest_route=%2Fwp%2Fv2%2Fcomments&post=40869"}],"version-history":[{"count":1,"href":"https:\/\/2horizontes.com\/index.php?rest_route=\/wp\/v2\/posts\/40869\/revisions"}],"predecessor-version":[{"id":40871,"href":"https:\/\/2horizontes.com\/index.php?rest_route=\/wp\/v2\/posts\/40869\/revisions\/40871"}],"wp:featuredmedia":[{"embeddable":true,"href":"https:\/\/2horizontes.com\/index.php?rest_route=\/wp\/v2\/media\/40870"}],"wp:attachment":[{"href":"https:\/\/2horizontes.com\/index.php?rest_route=%2Fwp%2Fv2%2Fmedia&parent=40869"}],"wp:term":[{"taxonomy":"category","embeddable":true,"href":"https:\/\/2horizontes.com\/index.php?rest_route=%2Fwp%2Fv2%2Fcategories&post=40869"},{"taxonomy":"post_tag","embeddable":true,"href":"https:\/\/2horizontes.com\/index.php?rest_route=%2Fwp%2Fv2%2Ftags&post=40869"}],"curies":[{"name":"wp","href":"https:\/\/api.w.org\/{rel}","templated":true}]}}