{"id":40868,"date":"2016-02-03T22:12:49","date_gmt":"2016-02-03T21:12:49","guid":{"rendered":"http:\/\/2horizontes.com\/?p=40868"},"modified":"2016-02-03T22:59:53","modified_gmt":"2016-02-03T21:59:53","slug":"dominicanos-se-preparan-para-participar-en-carnaval-madrileno","status":"publish","type":"post","link":"https:\/\/2horizontes.com\/?p=40868","title":{"rendered":"Dominicanos se preparan para participar en Carnaval madrile\u00f1o"},"content":{"rendered":"<p>Madrid Espa\u00f1a.-Un gran elenco de dominicanos \u00a0en Madrid se reunieron \u00a0la tarde de de hoy para \u00a0empezar \u00a0con\u00a0los preparativos de los trajes folkl\u00f2ricos del carnaval dominicano los cuales estar\u00e1n participando en el esperado carnaval de la capital espa\u00f1ola.<\/p>\n<p>En dicho evento madrile\u00f1o participar\u00e0n \u00a0lo<img loading=\"lazy\" decoding=\"async\" class=\"size-medium wp-image-40883 alignleft\" src=\"http:\/\/2horizontes.com\/wp-content\/uploads\/2016\/02\/d2-300x211.jpg\" alt=\"d2\" width=\"300\" height=\"211\" srcset=\"https:\/\/2horizontes.com\/wp-content\/uploads\/2016\/02\/d2-300x211.jpg 300w, https:\/\/2horizontes.com\/wp-content\/uploads\/2016\/02\/d2-510x359.jpg 510w, https:\/\/2horizontes.com\/wp-content\/uploads\/2016\/02\/d2.jpg 960w\" sizes=\"auto, (max-width: 300px) 100vw, 300px\" \/>s Diablos de la Vega, coordinados por el joven Darwing Javier Ram\u00ecrez,los Cachuas organizados por \u00a0el dominicano \u00a0entrenador \u00a0deportivo en Madrid Julio Vargas apodado el Bebo,los diablos de Santiago entre otros.<\/p>\n<p>&nbsp;<\/p>\n<p>&nbsp;<\/p>\n<p>&nbsp;<\/p>\n<p>&nbsp;<\/p>\n<p><a href=\"http:\/\/2horizontes.com\/wp-content\/uploads\/2016\/02\/d6.jpg\"><img loading=\"lazy\" decoding=\"async\" class=\"size-medium wp-image-40884 alignleft\" src=\"http:\/\/2horizontes.com\/wp-content\/uploads\/2016\/02\/d6-300x208.jpg\" alt=\"d6\" width=\"300\" height=\"208\" srcset=\"https:\/\/2horizontes.com\/wp-content\/uploads\/2016\/02\/d6-300x208.jpg 300w, https:\/\/2horizontes.com\/wp-content\/uploads\/2016\/02\/d6-510x354.jpg 510w, https:\/\/2horizontes.com\/wp-content\/uploads\/2016\/02\/d6.jpg 960w\" sizes=\"auto, (max-width: 300px) 100vw, 300px\" \/><\/a>El dise\u00f1ador de trajes carnavalesco el se\u00f1or Jose De los Santos, Jeni Bell,pintora de las mascaras y Jeny Romero,decoradora \u00a0de los disfraces que participar\u00e0n en el carnaval.<\/p>\n<p>&nbsp;<\/p>\n<p>&nbsp;<\/p>\n<p>&nbsp;<\/p>\n<p>&nbsp;<\/p>\n<p>Encargada general de la participaci\u00f3n de los dominicanos en el \u00a0desfile la funcionaria del Consulado Dominicano en Madrid la se\u00f1ora Dorquiza Olivares<\/p>\n<p><a href=\"http:\/\/2horizontes.com\/wp-content\/uploads\/2016\/02\/d1.jpg\"><img loading=\"lazy\" decoding=\"async\" class=\"size-medium wp-image-40885 alignleft\" src=\"http:\/\/2horizontes.com\/wp-content\/uploads\/2016\/02\/d1-300x210.jpg\" alt=\"d1\" width=\"300\" height=\"210\" srcset=\"https:\/\/2horizontes.com\/wp-content\/uploads\/2016\/02\/d1-300x210.jpg 300w, https:\/\/2horizontes.com\/wp-content\/uploads\/2016\/02\/d1-510x357.jpg 510w, https:\/\/2horizontes.com\/wp-content\/uploads\/2016\/02\/d1.jpg 960w\" sizes=\"auto, (max-width: 300px) 100vw, 300px\" \/><\/a>La participaci\u00f3n de los dominicanos inicia \u00a0<strong>el 5 de febrero en la famosa Plaza de la Remonta, metro Valdeacederas a partir de 19 a 23 horas y continuar\u00e0 con el desfile para todo publico el\u00a0s\u00e1bado\u00a06 de febrero desde el\u00a0coraz\u00f3n\u00a0de 4 Caminos finalizando en\u00a0los\u00a0alrededores de Plaza De Casilla.\u00a0<\/strong><\/p>\n<p>El objetivo de la participaci\u00f3n de los dominicanos es dar a conocer su cultura en el exterior<\/p>\n<p>&nbsp;<\/p>\n<p>&nbsp;<\/p>\n<p>&nbsp;<\/p>\n","protected":false},"excerpt":{"rendered":"<p>Madrid Espa\u00f1a.-Un gran elenco de dominicanos \u00a0en Madrid se reunieron \u00a0la tarde de de hoy para \u00a0empezar \u00a0con\u00a0los preparativos de los trajes folkl\u00f2ricos del carnaval dominicano los cuales estar\u00e1n participando en el esperado carnaval de la capital espa\u00f1ola. En dicho evento madrile\u00f1o participar\u00e0n \u00a0los Diablos de la Vega, coordinados por el joven Darwing Javier Ram\u00ecrez,los [&hellip;]<\/p>\n","protected":false},"author":4,"featured_media":40882,"comment_status":"open","ping_status":"open","sticky":false,"template":"","format":"standard","meta":{"footnotes":""},"categories":[62,46,54,1,83],"tags":[],"class_list":["post-40868","post","type-post","status-publish","format-standard","has-post-thumbnail","hentry","category-cultura","category-dominicanos-en-madrid","category-emigrantes","category-entretenimiento","category-reportajes"],"_links":{"self":[{"href":"https:\/\/2horizontes.com\/index.php?rest_route=\/wp\/v2\/posts\/40868","targetHints":{"allow":["GET"]}}],"collection":[{"href":"https:\/\/2horizontes.com\/index.php?rest_route=\/wp\/v2\/posts"}],"about":[{"href":"https:\/\/2horizontes.com\/index.php?rest_route=\/wp\/v2\/types\/post"}],"author":[{"embeddable":true,"href":"https:\/\/2horizontes.com\/index.php?rest_route=\/wp\/v2\/users\/4"}],"replies":[{"embeddable":true,"href":"https:\/\/2horizontes.com\/index.php?rest_route=%2Fwp%2Fv2%2Fcomments&post=40868"}],"version-history":[{"count":8,"href":"https:\/\/2horizontes.com\/index.php?rest_route=\/wp\/v2\/posts\/40868\/revisions"}],"predecessor-version":[{"id":40893,"href":"https:\/\/2horizontes.com\/index.php?rest_route=\/wp\/v2\/posts\/40868\/revisions\/40893"}],"wp:featuredmedia":[{"embeddable":true,"href":"https:\/\/2horizontes.com\/index.php?rest_route=\/wp\/v2\/media\/40882"}],"wp:attachment":[{"href":"https:\/\/2horizontes.com\/index.php?rest_route=%2Fwp%2Fv2%2Fmedia&parent=40868"}],"wp:term":[{"taxonomy":"category","embeddable":true,"href":"https:\/\/2horizontes.com\/index.php?rest_route=%2Fwp%2Fv2%2Fcategories&post=40868"},{"taxonomy":"post_tag","embeddable":true,"href":"https:\/\/2horizontes.com\/index.php?rest_route=%2Fwp%2Fv2%2Ftags&post=40868"}],"curies":[{"name":"wp","href":"https:\/\/api.w.org\/{rel}","templated":true}]}}