{"id":40856,"date":"2016-02-03T18:57:50","date_gmt":"2016-02-03T17:57:50","guid":{"rendered":"http:\/\/2horizontes.com\/?p=40856"},"modified":"2016-02-03T18:57:50","modified_gmt":"2016-02-03T17:57:50","slug":"detenidos-siete-miembros-de-una-banda-latina-por-una-paliza-a-un-menor-en-barcelona","status":"publish","type":"post","link":"https:\/\/2horizontes.com\/?p=40856","title":{"rendered":"Detenidos siete miembros de una banda latina por una paliza a un menor en Barcelona"},"content":{"rendered":"<p>Los Mossos d\u2019Esquadra han detenido en Barcelona y en localidades de su \u00e1rea metropolitana a siete presuntos miembros de una banda latina de entre 16 y 20 a\u00f1os de edad por agredir a un menor, al que golpearon e hirieron con un arma blanca.<\/p>\n<p>La polic\u00eda catalana ha informado hoy de que los hechos se remontan al pasado 23 de diciembre, cuando el menor participaba en una fiesta en Barcelona y fue obligado por una quincena de miembros de una banda latina a que se burlara de un integrante de otra banda rival.<\/p>\n<p>A pesar de que el menor accedi\u00f3 a hacerlo, los pandilleros le golpearon, le patearon y le hirieron en el brazo con un arma blanca, por lo que tuvo que ser intervenido quir\u00fargicamente.<\/p>\n<p>Este tipo de agresiones se denominan \u201cca\u00eddas\u201d en el argot de las bandas y se dan, especialmente, entre miembros de bandas rivales, cuando un grupo agrede a otro de una banda opositora con la intenci\u00f3n de demostrarle su superioridad, aunque tambi\u00e9n se producen entre miembros del mismo grupo, cuando uno de sus integrantes pretende abandonar la banda.<\/p>\n<p>Al parecer, los j\u00f3venes que provocaron la agresi\u00f3n pertenec\u00eda a una conocida banda latina que tiene su sede en Cornell\u00e0 de Llobregat (Barcelona).<\/p>\n","protected":false},"excerpt":{"rendered":"<p>Los Mossos d\u2019Esquadra han detenido en Barcelona y en localidades de su \u00e1rea metropolitana a siete presuntos miembros de una banda latina de entre 16 y 20 a\u00f1os de edad por agredir a un menor, al que golpearon e hirieron con un arma blanca. La polic\u00eda catalana ha informado hoy de que los hechos se [&hellip;]<\/p>\n","protected":false},"author":3,"featured_media":40860,"comment_status":"open","ping_status":"open","sticky":false,"template":"","format":"standard","meta":{"footnotes":""},"categories":[85],"tags":[],"class_list":["post-40856","post","type-post","status-publish","format-standard","has-post-thumbnail","hentry","category-espana"],"_links":{"self":[{"href":"https:\/\/2horizontes.com\/index.php?rest_route=\/wp\/v2\/posts\/40856","targetHints":{"allow":["GET"]}}],"collection":[{"href":"https:\/\/2horizontes.com\/index.php?rest_route=\/wp\/v2\/posts"}],"about":[{"href":"https:\/\/2horizontes.com\/index.php?rest_route=\/wp\/v2\/types\/post"}],"author":[{"embeddable":true,"href":"https:\/\/2horizontes.com\/index.php?rest_route=\/wp\/v2\/users\/3"}],"replies":[{"embeddable":true,"href":"https:\/\/2horizontes.com\/index.php?rest_route=%2Fwp%2Fv2%2Fcomments&post=40856"}],"version-history":[{"count":1,"href":"https:\/\/2horizontes.com\/index.php?rest_route=\/wp\/v2\/posts\/40856\/revisions"}],"predecessor-version":[{"id":40861,"href":"https:\/\/2horizontes.com\/index.php?rest_route=\/wp\/v2\/posts\/40856\/revisions\/40861"}],"wp:featuredmedia":[{"embeddable":true,"href":"https:\/\/2horizontes.com\/index.php?rest_route=\/wp\/v2\/media\/40860"}],"wp:attachment":[{"href":"https:\/\/2horizontes.com\/index.php?rest_route=%2Fwp%2Fv2%2Fmedia&parent=40856"}],"wp:term":[{"taxonomy":"category","embeddable":true,"href":"https:\/\/2horizontes.com\/index.php?rest_route=%2Fwp%2Fv2%2Fcategories&post=40856"},{"taxonomy":"post_tag","embeddable":true,"href":"https:\/\/2horizontes.com\/index.php?rest_route=%2Fwp%2Fv2%2Ftags&post=40856"}],"curies":[{"name":"wp","href":"https:\/\/api.w.org\/{rel}","templated":true}]}}