{"id":40853,"date":"2016-02-03T18:48:44","date_gmt":"2016-02-03T17:48:44","guid":{"rendered":"http:\/\/2horizontes.com\/?p=40853"},"modified":"2016-02-03T18:48:44","modified_gmt":"2016-02-03T17:48:44","slug":"iris-varela-si-tenemos-conucos-nadie-pasara-hambre","status":"publish","type":"post","link":"https:\/\/2horizontes.com\/?p=40853","title":{"rendered":"Iris Varela: Si tenemos conucos nadie pasar\u00e1 hambre"},"content":{"rendered":"<div class=\"storify\">Caracas, Venezuela.-La ministra para Asuntos Penitenciarios, Iris Varela, asegur\u00f3 en Twitter que la materia prima de las industrias en Venezuela no es necesaria, siempre y cuando haya conucos.<\/div>\n<div class=\"storify\"><\/div>\n<div class=\"storify\">\u00ab\u00bfY cu\u00e1l es la materia prima de las industrias? Nos podemos quedar sin ellas pero si tenemos conucos nadie pasar\u00e1 hambre\u00bb, escribi\u00f3 Varela en su cuenta en la red social en respuesta al periodista del estado T\u00e1chira, Humberto Contreras, quien critic\u00f3 las ideas del presidente Nicol\u00e1s Maduro sobre impulsar conucos urbanos para mejorar la producci\u00f3n.<\/div>\n<div class=\"storify\"><\/div>\n<div class=\"storify\">El comentario de Varela le hizo ganar comentarios negativos en Twitter. Algunos usuarios la tildaron de ignorante.<\/div>\n","protected":false},"excerpt":{"rendered":"<p>Caracas, Venezuela.-La ministra para Asuntos Penitenciarios, Iris Varela, asegur\u00f3 en Twitter que la materia prima de las industrias en Venezuela no es necesaria, siempre y cuando haya conucos. \u00ab\u00bfY cu\u00e1l es la materia prima de las industrias? Nos podemos quedar sin ellas pero si tenemos conucos nadie pasar\u00e1 hambre\u00bb, escribi\u00f3 Varela en su cuenta en [&hellip;]<\/p>\n","protected":false},"author":13240,"featured_media":40857,"comment_status":"open","ping_status":"open","sticky":false,"template":"","format":"standard","meta":{"footnotes":""},"categories":[40,43,48],"tags":[],"class_list":["post-40853","post","type-post","status-publish","format-standard","has-post-thumbnail","hentry","category-internacionales","category-politica","category-venezuela"],"_links":{"self":[{"href":"https:\/\/2horizontes.com\/index.php?rest_route=\/wp\/v2\/posts\/40853","targetHints":{"allow":["GET"]}}],"collection":[{"href":"https:\/\/2horizontes.com\/index.php?rest_route=\/wp\/v2\/posts"}],"about":[{"href":"https:\/\/2horizontes.com\/index.php?rest_route=\/wp\/v2\/types\/post"}],"author":[{"embeddable":true,"href":"https:\/\/2horizontes.com\/index.php?rest_route=\/wp\/v2\/users\/13240"}],"replies":[{"embeddable":true,"href":"https:\/\/2horizontes.com\/index.php?rest_route=%2Fwp%2Fv2%2Fcomments&post=40853"}],"version-history":[{"count":1,"href":"https:\/\/2horizontes.com\/index.php?rest_route=\/wp\/v2\/posts\/40853\/revisions"}],"predecessor-version":[{"id":40858,"href":"https:\/\/2horizontes.com\/index.php?rest_route=\/wp\/v2\/posts\/40853\/revisions\/40858"}],"wp:featuredmedia":[{"embeddable":true,"href":"https:\/\/2horizontes.com\/index.php?rest_route=\/wp\/v2\/media\/40857"}],"wp:attachment":[{"href":"https:\/\/2horizontes.com\/index.php?rest_route=%2Fwp%2Fv2%2Fmedia&parent=40853"}],"wp:term":[{"taxonomy":"category","embeddable":true,"href":"https:\/\/2horizontes.com\/index.php?rest_route=%2Fwp%2Fv2%2Fcategories&post=40853"},{"taxonomy":"post_tag","embeddable":true,"href":"https:\/\/2horizontes.com\/index.php?rest_route=%2Fwp%2Fv2%2Ftags&post=40853"}],"curies":[{"name":"wp","href":"https:\/\/api.w.org\/{rel}","templated":true}]}}