{"id":40844,"date":"2016-02-03T18:41:27","date_gmt":"2016-02-03T17:41:27","guid":{"rendered":"http:\/\/2horizontes.com\/?p=40844"},"modified":"2016-02-03T18:41:57","modified_gmt":"2016-02-03T17:41:57","slug":"piden-15-anos-por-intentar-matar-a-su-expareja-con-un-cuchillo-de-24-centimetros","status":"publish","type":"post","link":"https:\/\/2horizontes.com\/?p=40844","title":{"rendered":"Piden 15 a\u00f1os por intentar matar a su expareja con un cuchillo de 24 cent\u00edmetros"},"content":{"rendered":"<p>La Secci\u00f3n 26 de la Audiencia Provincial de Madrid celebra el pr\u00f3ximo jueves, a partir de las 10 horas, la vista oral del juicio contra Flavio Osmar F. A., para quien la Fiscal\u00eda pide quince a\u00f1os de prisi\u00f3n por intentar matar a su expareja con un cuchillo de 24,5 cent\u00edmetros despu\u00e9s de asaltarla.b Tal y como consta en el escrito de calificaci\u00f3n provisional del Ministerio P\u00fablico, el acusado mantuvo una relaci\u00f3n sentimental con una mujer que finaliz\u00f3 en enero de 2014.<\/p>\n<p>Al no aceptar la ruptura, Flavio Osmar F. A., el 11 de mayo de 2014, \u00abactuando con el prop\u00f3sito de menoscabar la tranquilidad y de perturbar el sentimiento de libertad y de paz personal de la v\u00edctima\u00bb, la llam\u00f3 al tel\u00e9fono en \u00abnumerosas ocasiones\u00bb y lleg\u00f3 a personarse en el domicilio en el que su ex pareja trabajaba cuidando a una se\u00f1ora mayor.<\/p>\n<p>Pese a la negativa de la mujer, Flavio Osmar se qued\u00f3 toda la noche en dicho domicilio con el objetivo de que ella retomara la relaci\u00f3n. Los d\u00edas 12 y 13 de mayo continu\u00f3 su acoso y para ello sigui\u00f3 a la mujer en varias ocasiones por la calle \u00abinsistiendo en hablar con ella a solas y exigi\u00e9ndola que abandonara a la persona con la que hab\u00eda iniciado otra relaci\u00f3n sentimental\u00bb.<\/p>\n<p>En medio de esa estrategia, el acusado llam\u00f3 a la v\u00edctima 72 veces el d\u00eda 12 y 42 el d\u00eda 13. Muchas de esas llamadas se produc\u00edan a altas horas de la madruga. En la tarde del 13 de mayo de 2014, sobre las 17.15 horas, el procesado, continuando con su conducta de hostigamiento hacia la mujer, acudi\u00f3 de nuevo a su domicilio laboral. Se escondi\u00f3 en el portal del edificio y esper\u00f3 escondido 45 minutos a que ella llegara.<\/p>\n","protected":false},"excerpt":{"rendered":"<p>La Secci\u00f3n 26 de la Audiencia Provincial de Madrid celebra el pr\u00f3ximo jueves, a partir de las 10 horas, la vista oral del juicio contra Flavio Osmar F. A., para quien la Fiscal\u00eda pide quince a\u00f1os de prisi\u00f3n por intentar matar a su expareja con un cuchillo de 24,5 cent\u00edmetros despu\u00e9s de asaltarla.b Tal y [&hellip;]<\/p>\n","protected":false},"author":3,"featured_media":40849,"comment_status":"open","ping_status":"open","sticky":false,"template":"","format":"standard","meta":{"footnotes":""},"categories":[85],"tags":[],"class_list":["post-40844","post","type-post","status-publish","format-standard","has-post-thumbnail","hentry","category-espana"],"_links":{"self":[{"href":"https:\/\/2horizontes.com\/index.php?rest_route=\/wp\/v2\/posts\/40844","targetHints":{"allow":["GET"]}}],"collection":[{"href":"https:\/\/2horizontes.com\/index.php?rest_route=\/wp\/v2\/posts"}],"about":[{"href":"https:\/\/2horizontes.com\/index.php?rest_route=\/wp\/v2\/types\/post"}],"author":[{"embeddable":true,"href":"https:\/\/2horizontes.com\/index.php?rest_route=\/wp\/v2\/users\/3"}],"replies":[{"embeddable":true,"href":"https:\/\/2horizontes.com\/index.php?rest_route=%2Fwp%2Fv2%2Fcomments&post=40844"}],"version-history":[{"count":1,"href":"https:\/\/2horizontes.com\/index.php?rest_route=\/wp\/v2\/posts\/40844\/revisions"}],"predecessor-version":[{"id":40850,"href":"https:\/\/2horizontes.com\/index.php?rest_route=\/wp\/v2\/posts\/40844\/revisions\/40850"}],"wp:featuredmedia":[{"embeddable":true,"href":"https:\/\/2horizontes.com\/index.php?rest_route=\/wp\/v2\/media\/40849"}],"wp:attachment":[{"href":"https:\/\/2horizontes.com\/index.php?rest_route=%2Fwp%2Fv2%2Fmedia&parent=40844"}],"wp:term":[{"taxonomy":"category","embeddable":true,"href":"https:\/\/2horizontes.com\/index.php?rest_route=%2Fwp%2Fv2%2Fcategories&post=40844"},{"taxonomy":"post_tag","embeddable":true,"href":"https:\/\/2horizontes.com\/index.php?rest_route=%2Fwp%2Fv2%2Ftags&post=40844"}],"curies":[{"name":"wp","href":"https:\/\/api.w.org\/{rel}","templated":true}]}}