{"id":40783,"date":"2016-02-03T14:00:47","date_gmt":"2016-02-03T13:00:47","guid":{"rendered":"http:\/\/2horizontes.com\/?p=40783"},"modified":"2016-02-03T14:00:47","modified_gmt":"2016-02-03T13:00:47","slug":"bid-ofrece-2-500-millones-de-dolares-a-centroamerica-y-republica-dominicana","status":"publish","type":"post","link":"https:\/\/2horizontes.com\/?p=40783","title":{"rendered":"BID ofrece 2.500 millones de d\u00f3lares a Centroam\u00e9rica y Rep\u00fablica Dominicana"},"content":{"rendered":"<div id=\"ArticleAuthorDiv\" class=\"article-body-author\"><b>EFE<\/b><\/div>\n<div id=\"ArticleSourceDiv\" class=\"article-body-author\"><b>Panam\u00e1<\/b><\/div>\n<div id=\"ArticleBody\">\n<p>El Banco Interamericano de Desarrollo (BID) ofrece al menos 2.500 millones de d\u00f3lares a Centroam\u00e9rica y Rep\u00fablica Dominicana en 2016 para proyectos de desarrollo sostenible, inform\u00f3 ayer una fuente oficial.<\/p>\n<p>El BID ofrece sustento a diversos proyectos de infraestructura, log\u00edstica, salud, educaci\u00f3n, redes de protecci\u00f3n social y mejoras en la administraci\u00f3n tributaria, dijo en rueda de prensa la gerente general del banco para M\u00e9xico, Centroam\u00e9rica y Rep\u00fablica Dominicana, Gina Montiel, cuya oficina funciona en Panam\u00e1 desde 2015.<\/p>\n<p>Montiel acompa\u00f1\u00f3 al representante del banco en Panam\u00e1, Fidel Jaramillo, quien anunci\u00f3 que para el periodo 2015-2019 el BID ofrece financiaci\u00f3n por 2.000 millones de d\u00f3lares para proyectos de desarrollo sostenible y de inclusi\u00f3n social.<\/p>\n<p>La gerente general para la regi\u00f3n dijo que tambi\u00e9n el BID \u00abest\u00e1 listo\u00bb para apoyar financieramente los programas y prioridades que apruebe la Organizaci\u00f3n Panamericana de la Salud (OPS) para el combate al zika, pero inst\u00f3 a toda la poblaci\u00f3n a comprometerse en la destrucci\u00f3n de criaderos del mosquito \u00abAedes aegypti\u00bb, que lo trasmite.<\/p>\n<p>Adem\u00e1s, tiene una estrategia mesoamericana de salud, especialmente materno infantil, y apoya las agendas conjuntas de seguridad p\u00fablica para enfrentar ese problema a escala regional, con participaci\u00f3n del sector privado.<\/p>\n<p>Montiel se\u00f1al\u00f3 que el banco apoya la interconexi\u00f3n el\u00e9ctrica centroamericana, que ya se logr\u00f3 con M\u00e9xico, para incorporar a Colombia a la red y as\u00ed procurar costos m\u00e1s bajos por el suministro de electricidad, \u00ablo que elevar\u00e1 la competitividad de las empresas y la calidad de vida\u00bb de los habitantes de la regi\u00f3n.<\/p>\n<p>Dijo que el a\u00f1o pasado gracias a la interconexi\u00f3n se logro intercambiar 1.000 gigavatios entre los pa\u00edses centroamericanos, en donde el coste de la electricidad es \u00ab30 % superior\u00bb al resto del mundo.<\/p>\n<p>Todos los empr\u00e9stitos que adquiere un pa\u00eds con el BID tienen una tasa de amortizaci\u00f3n con un inter\u00e9s a la tasa Libor m\u00e1s un porcentaje para la administraci\u00f3n del mismo cr\u00e9dito, similar a los dem\u00e1s organismos financieros internacionales, pero \u00abinferior a las tasas de mercado\u00bb, de acuerdo con la informaci\u00f3n del banco.<\/p>\n<p>Montiel resalt\u00f3 como un \u00abeje horizontal\u00bb en todos los proyectos el manejo con \u00abtransparencia\u00bb y \u00abrendici\u00f3n de cuentas\u00bb para garantizar el buen uso de los recursos.<\/p>\n<p>Apunt\u00f3 que no solo eso espera el BID, sino que ahora est\u00e1 apoyando a todos los pa\u00edses de la regi\u00f3n a mejorar la administraci\u00f3n tributaria con herramientas modernas para el sistema de recaudaci\u00f3n porque \u00abinteresa saber qui\u00e9n genera los ingresos, c\u00f3mo los cobran\u00bb para que la ciudadan\u00eda tenga acceso a esa informaci\u00f3n.<\/p>\n<p>Por su lado, el economista principal del BID para la regi\u00f3n, Jordi Prat, dijo que para los pr\u00f3ximos dos a\u00f1os se espera un crecimiento del producto interno bruto del 4 % en promedio en Centroam\u00e9rica y Rep\u00fablica Dominicana.<\/p>\n<p>El comportamiento de la econom\u00eda en la regi\u00f3n estar\u00e1 apalancado en la recuperaci\u00f3n de Estados Unidos, su principal socio comercial, y los bajos precios del petr\u00f3leo, dijo Prat, pero advirti\u00f3 que \u00abno hay que dormirse en los laureles\u00bb.<\/p>\n<\/div>\n","protected":false},"excerpt":{"rendered":"<p>EFE Panam\u00e1 El Banco Interamericano de Desarrollo (BID) ofrece al menos 2.500 millones de d\u00f3lares a Centroam\u00e9rica y Rep\u00fablica Dominicana en 2016 para proyectos de desarrollo sostenible, inform\u00f3 ayer una fuente oficial. El BID ofrece sustento a diversos proyectos de infraestructura, log\u00edstica, salud, educaci\u00f3n, redes de protecci\u00f3n social y mejoras en la administraci\u00f3n tributaria, dijo [&hellip;]<\/p>\n","protected":false},"author":7,"featured_media":40785,"comment_status":"open","ping_status":"open","sticky":false,"template":"","format":"standard","meta":{"footnotes":""},"categories":[63,40,44],"tags":[],"class_list":["post-40783","post","type-post","status-publish","format-standard","has-post-thumbnail","hentry","category-economia","category-internacionales","category-republica-dominicana"],"_links":{"self":[{"href":"https:\/\/2horizontes.com\/index.php?rest_route=\/wp\/v2\/posts\/40783","targetHints":{"allow":["GET"]}}],"collection":[{"href":"https:\/\/2horizontes.com\/index.php?rest_route=\/wp\/v2\/posts"}],"about":[{"href":"https:\/\/2horizontes.com\/index.php?rest_route=\/wp\/v2\/types\/post"}],"author":[{"embeddable":true,"href":"https:\/\/2horizontes.com\/index.php?rest_route=\/wp\/v2\/users\/7"}],"replies":[{"embeddable":true,"href":"https:\/\/2horizontes.com\/index.php?rest_route=%2Fwp%2Fv2%2Fcomments&post=40783"}],"version-history":[{"count":1,"href":"https:\/\/2horizontes.com\/index.php?rest_route=\/wp\/v2\/posts\/40783\/revisions"}],"predecessor-version":[{"id":40786,"href":"https:\/\/2horizontes.com\/index.php?rest_route=\/wp\/v2\/posts\/40783\/revisions\/40786"}],"wp:featuredmedia":[{"embeddable":true,"href":"https:\/\/2horizontes.com\/index.php?rest_route=\/wp\/v2\/media\/40785"}],"wp:attachment":[{"href":"https:\/\/2horizontes.com\/index.php?rest_route=%2Fwp%2Fv2%2Fmedia&parent=40783"}],"wp:term":[{"taxonomy":"category","embeddable":true,"href":"https:\/\/2horizontes.com\/index.php?rest_route=%2Fwp%2Fv2%2Fcategories&post=40783"},{"taxonomy":"post_tag","embeddable":true,"href":"https:\/\/2horizontes.com\/index.php?rest_route=%2Fwp%2Fv2%2Ftags&post=40783"}],"curies":[{"name":"wp","href":"https:\/\/api.w.org\/{rel}","templated":true}]}}