{"id":40735,"date":"2016-02-02T20:09:50","date_gmt":"2016-02-02T19:09:50","guid":{"rendered":"http:\/\/2horizontes.com\/?p=40735"},"modified":"2016-02-02T20:09:50","modified_gmt":"2016-02-02T19:09:50","slug":"aplazan-revision-medida-de-coercion-hombre-que-mato-a-otro-en-ascensor-rd","status":"publish","type":"post","link":"https:\/\/2horizontes.com\/?p=40735","title":{"rendered":"Aplazan revisi\u00f3n medida de coerci\u00f3n hombre que mat\u00f3 a otro en ascensor RD"},"content":{"rendered":"<p>RD- SANTO DOMINGO-La jueza suplente del Tercer Juzgado de la Instrucci\u00f3n del Distrito Nacional aplaz\u00f3 para el pr\u00f3ximo 23 de este mes el conocimiento de la revisi\u00f3n obligatoria de la medida de coerci\u00f3n, consistente en prisi\u00f3n preventiva que le fue dictada al hombre acusado de matar a otro en el ascensor de un residencial del Ensanche Quisqueya.<\/p>\n<p>La magistrada Nathali Moya decidi\u00f3 aplazar para ese d\u00eda a las 9 de la ma\u00f1ana la revisi\u00f3n de la medida de coerci\u00f3n en contra del imputado Yamil Enrique Bassa Matos, a fin de dar oportunidad a que el acusado este representado por su abogado Carlos Balc\u00e1cer, quien no compareci\u00f3 a la audiencia.<\/p>\n<p>A la salida del tribunal, el imputado, quien fue trasladado bajo medida de seguridad a la c\u00e1rcel preventiva del Palacio de Justicia de Ciudad Nueva, rehus\u00f3 hablar en torno a la acusaci\u00f3n que se le formula de dar muerte al comerciante Juan Isidro Veras Grull\u00f3n, hecho ocurrido en el residencial L\u00eda II, ubicado en la calle Luis F. Thomen No.262, del referido sector.<\/p>\n<p>Mientras que los familiares del comerciante, quien fue asesinado dentro del ascensor del edificio donde viv\u00eda, esperan que la jueza mantenga en prisi\u00f3n al imputado, de quien dice ultim\u00f3 a su pariente infiri\u00e9ndole varias estocadas con un arma blanca, y haci\u00e9ndole dos disparos con un arma de fuego.<\/p>\n<p>Los abogados de los familiares de la victima Henry Soto Lara y Jos\u00e9 Ch\u00eda S\u00e1nchez, conf\u00edan en que el tribunal mantengan la medida de coerci\u00f3n que le fue dictada al imputado por el juzgado de Atenci\u00f3n Permanente del Distrito Nacional, por entender que no han variado los presupuestos que puedan justificar su puesta en libertad.<\/p>\n<p>Se quejaron que en el caso no fue incluido el padre del imputado, Albert Yamil Bassa Ward, en cuyo apartamento fueron encontrados cuatro cuchillos ensangrentados, ropas con manchas de sangre y la pistola propiedad de la v\u00edctima, con la cual le dispararon.<\/p>\n<p>El abogado del imputado, Carlos Balc\u00e1cer alega que su cliente padece de trastorno mentales, argumentos que son rechazados por los abogados de la familia de la v\u00edctima, tras se\u00f1alar que se trat\u00f3 de un asesinato premeditado\u201d.<\/p>\n","protected":false},"excerpt":{"rendered":"<p>RD- SANTO DOMINGO-La jueza suplente del Tercer Juzgado de la Instrucci\u00f3n del Distrito Nacional aplaz\u00f3 para el pr\u00f3ximo 23 de este mes el conocimiento de la revisi\u00f3n obligatoria de la medida de coerci\u00f3n, consistente en prisi\u00f3n preventiva que le fue dictada al hombre acusado de matar a otro en el ascensor de un residencial del [&hellip;]<\/p>\n","protected":false},"author":8,"featured_media":35682,"comment_status":"open","ping_status":"open","sticky":false,"template":"","format":"standard","meta":{"footnotes":""},"categories":[44],"tags":[],"class_list":["post-40735","post","type-post","status-publish","format-standard","has-post-thumbnail","hentry","category-republica-dominicana"],"_links":{"self":[{"href":"https:\/\/2horizontes.com\/index.php?rest_route=\/wp\/v2\/posts\/40735","targetHints":{"allow":["GET"]}}],"collection":[{"href":"https:\/\/2horizontes.com\/index.php?rest_route=\/wp\/v2\/posts"}],"about":[{"href":"https:\/\/2horizontes.com\/index.php?rest_route=\/wp\/v2\/types\/post"}],"author":[{"embeddable":true,"href":"https:\/\/2horizontes.com\/index.php?rest_route=\/wp\/v2\/users\/8"}],"replies":[{"embeddable":true,"href":"https:\/\/2horizontes.com\/index.php?rest_route=%2Fwp%2Fv2%2Fcomments&post=40735"}],"version-history":[{"count":1,"href":"https:\/\/2horizontes.com\/index.php?rest_route=\/wp\/v2\/posts\/40735\/revisions"}],"predecessor-version":[{"id":40736,"href":"https:\/\/2horizontes.com\/index.php?rest_route=\/wp\/v2\/posts\/40735\/revisions\/40736"}],"wp:featuredmedia":[{"embeddable":true,"href":"https:\/\/2horizontes.com\/index.php?rest_route=\/wp\/v2\/media\/35682"}],"wp:attachment":[{"href":"https:\/\/2horizontes.com\/index.php?rest_route=%2Fwp%2Fv2%2Fmedia&parent=40735"}],"wp:term":[{"taxonomy":"category","embeddable":true,"href":"https:\/\/2horizontes.com\/index.php?rest_route=%2Fwp%2Fv2%2Fcategories&post=40735"},{"taxonomy":"post_tag","embeddable":true,"href":"https:\/\/2horizontes.com\/index.php?rest_route=%2Fwp%2Fv2%2Ftags&post=40735"}],"curies":[{"name":"wp","href":"https:\/\/api.w.org\/{rel}","templated":true}]}}