{"id":40694,"date":"2016-02-02T16:40:01","date_gmt":"2016-02-02T15:40:01","guid":{"rendered":"http:\/\/2horizontes.com\/?p=40694"},"modified":"2016-02-02T16:40:37","modified_gmt":"2016-02-02T15:40:37","slug":"40694-2","status":"publish","type":"post","link":"https:\/\/2horizontes.com\/?p=40694","title":{"rendered":"Aplazado el juicio a 19 trinitarios por la ausencia de uno de ellos"},"content":{"rendered":"<p>El juicio que comenz\u00f3 ayer a 19 miembros de la banda criminal Los Trinitarios se ha suspendido hoy al no presentarse en la Audiencia Provincial de Madrid uno de los acusados.<\/p>\n<p>Seg\u00fan ha explicado a Efe uno de los abogados de la defensa, el procesado que se ha ausentado, Ronald C.M., alias &#8216;El Duende&#8217;, se encuentra desde ayer, tras ser puesto en libertad a espera de sentencia por el tribunal, en un centro de menores debido a que tiene una causa anterior pendiente.<\/p>\n<p>En un principio el acusado iba a ser trasladado desde el centro al juicio pero, tras dos horas de espera, se ha decidido suspender la vista que se reanudar\u00e1 ma\u00f1ana a las 10.00 en la secci\u00f3n 17 de la Audiencia Provincial.<\/p>\n<p>Tampoco se ha celebrado hoy el otro juicio que estaba previsto en la Audiencia, en ese caso a otros cuatro miembros de esta banda latina por agredir a un individuo en el Metro de Madrid. En este caso, ha sido aplazado para el d\u00eda 15 de febrero por indisposici\u00f3n de una de las abogadas.<\/p>\n<p>Estos cuatro acusados se enfrentan a una pena de entre dos y seis a\u00f1os de prisi\u00f3n por delitos de asociaci\u00f3n il\u00edcita y lesiones, mientras que los otros 19 est\u00e1n acusados de delitos de pertenencia a organizaci\u00f3n criminal, contra la salud p\u00fablica y usurpaci\u00f3n de bien inmueble, por los que la Fiscal\u00eda pide para ellos entre 8 y 9 a\u00f1os de c\u00e1rcel.<\/p>\n<p>No obstante, ayer trece de estos diecinueve acusados llegaron a un acuerdo con el Ministerio P\u00fablico por el que previsiblemente se rebajar\u00e1 esa pena solicitada.<\/p>\n<p>En virtud de ese acuerdo, los seis miembros de la banda que permanec\u00edan en prisi\u00f3n preventiva fueron puestos en libertad.<\/p>\n","protected":false},"excerpt":{"rendered":"<p>El juicio que comenz\u00f3 ayer a 19 miembros de la banda criminal Los Trinitarios se ha suspendido hoy al no presentarse en la Audiencia Provincial de Madrid uno de los acusados. Seg\u00fan ha explicado a Efe uno de los abogados de la defensa, el procesado que se ha ausentado, Ronald C.M., alias &#8216;El Duende&#8217;, se [&hellip;]<\/p>\n","protected":false},"author":3,"featured_media":40695,"comment_status":"open","ping_status":"open","sticky":false,"template":"","format":"standard","meta":{"footnotes":""},"categories":[85],"tags":[],"class_list":["post-40694","post","type-post","status-publish","format-standard","has-post-thumbnail","hentry","category-espana"],"_links":{"self":[{"href":"https:\/\/2horizontes.com\/index.php?rest_route=\/wp\/v2\/posts\/40694","targetHints":{"allow":["GET"]}}],"collection":[{"href":"https:\/\/2horizontes.com\/index.php?rest_route=\/wp\/v2\/posts"}],"about":[{"href":"https:\/\/2horizontes.com\/index.php?rest_route=\/wp\/v2\/types\/post"}],"author":[{"embeddable":true,"href":"https:\/\/2horizontes.com\/index.php?rest_route=\/wp\/v2\/users\/3"}],"replies":[{"embeddable":true,"href":"https:\/\/2horizontes.com\/index.php?rest_route=%2Fwp%2Fv2%2Fcomments&post=40694"}],"version-history":[{"count":2,"href":"https:\/\/2horizontes.com\/index.php?rest_route=\/wp\/v2\/posts\/40694\/revisions"}],"predecessor-version":[{"id":40697,"href":"https:\/\/2horizontes.com\/index.php?rest_route=\/wp\/v2\/posts\/40694\/revisions\/40697"}],"wp:featuredmedia":[{"embeddable":true,"href":"https:\/\/2horizontes.com\/index.php?rest_route=\/wp\/v2\/media\/40695"}],"wp:attachment":[{"href":"https:\/\/2horizontes.com\/index.php?rest_route=%2Fwp%2Fv2%2Fmedia&parent=40694"}],"wp:term":[{"taxonomy":"category","embeddable":true,"href":"https:\/\/2horizontes.com\/index.php?rest_route=%2Fwp%2Fv2%2Fcategories&post=40694"},{"taxonomy":"post_tag","embeddable":true,"href":"https:\/\/2horizontes.com\/index.php?rest_route=%2Fwp%2Fv2%2Ftags&post=40694"}],"curies":[{"name":"wp","href":"https:\/\/api.w.org\/{rel}","templated":true}]}}