{"id":40628,"date":"2016-02-02T10:19:48","date_gmt":"2016-02-02T09:19:48","guid":{"rendered":"http:\/\/2horizontes.com\/?p=40628"},"modified":"2016-02-02T10:19:48","modified_gmt":"2016-02-02T09:19:48","slug":"juzgan-a-un-policia-de-pinto-por-acosar-a-un-companero","status":"publish","type":"post","link":"https:\/\/2horizontes.com\/?p=40628","title":{"rendered":"Juzgan a un polic\u00eda de Pinto por acosar a un compa\u00f1ero"},"content":{"rendered":"<p>La Secci\u00f3n Quinta de la Audiencia Provincial de Madrid juzga desde hoy a un suboficial jefe de la Polic\u00eda Local de Pinto por supuestamente humillar y acosar laboralmente a un compa\u00f1ero que estaba bajo su mando, por lo que se enfrenta a una petici\u00f3n de la Fiscal\u00eda de cuatro a\u00f1os de prisi\u00f3n.<\/p>\n<p>El Ministerio P\u00fablico acusa a Gervasio V.P. de la supuesta comisi\u00f3n de dos delitos contra la integridad moral y acoso laboral y un delito de lesiones, informa el Tribunal Superior de Justicia de Madrid (TSJM).<\/p>\n","protected":false},"excerpt":{"rendered":"<p>La Secci\u00f3n Quinta de la Audiencia Provincial de Madrid juzga desde hoy a un suboficial jefe de la Polic\u00eda Local de Pinto por supuestamente humillar y acosar laboralmente a un compa\u00f1ero que estaba bajo su mando, por lo que se enfrenta a una petici\u00f3n de la Fiscal\u00eda de cuatro a\u00f1os de prisi\u00f3n. El Ministerio P\u00fablico [&hellip;]<\/p>\n","protected":false},"author":3,"featured_media":40629,"comment_status":"open","ping_status":"open","sticky":false,"template":"","format":"standard","meta":{"footnotes":""},"categories":[85],"tags":[],"class_list":["post-40628","post","type-post","status-publish","format-standard","has-post-thumbnail","hentry","category-espana"],"_links":{"self":[{"href":"https:\/\/2horizontes.com\/index.php?rest_route=\/wp\/v2\/posts\/40628","targetHints":{"allow":["GET"]}}],"collection":[{"href":"https:\/\/2horizontes.com\/index.php?rest_route=\/wp\/v2\/posts"}],"about":[{"href":"https:\/\/2horizontes.com\/index.php?rest_route=\/wp\/v2\/types\/post"}],"author":[{"embeddable":true,"href":"https:\/\/2horizontes.com\/index.php?rest_route=\/wp\/v2\/users\/3"}],"replies":[{"embeddable":true,"href":"https:\/\/2horizontes.com\/index.php?rest_route=%2Fwp%2Fv2%2Fcomments&post=40628"}],"version-history":[{"count":1,"href":"https:\/\/2horizontes.com\/index.php?rest_route=\/wp\/v2\/posts\/40628\/revisions"}],"predecessor-version":[{"id":40630,"href":"https:\/\/2horizontes.com\/index.php?rest_route=\/wp\/v2\/posts\/40628\/revisions\/40630"}],"wp:featuredmedia":[{"embeddable":true,"href":"https:\/\/2horizontes.com\/index.php?rest_route=\/wp\/v2\/media\/40629"}],"wp:attachment":[{"href":"https:\/\/2horizontes.com\/index.php?rest_route=%2Fwp%2Fv2%2Fmedia&parent=40628"}],"wp:term":[{"taxonomy":"category","embeddable":true,"href":"https:\/\/2horizontes.com\/index.php?rest_route=%2Fwp%2Fv2%2Fcategories&post=40628"},{"taxonomy":"post_tag","embeddable":true,"href":"https:\/\/2horizontes.com\/index.php?rest_route=%2Fwp%2Fv2%2Ftags&post=40628"}],"curies":[{"name":"wp","href":"https:\/\/api.w.org\/{rel}","templated":true}]}}