{"id":40619,"date":"2016-02-02T00:45:48","date_gmt":"2016-02-01T23:45:48","guid":{"rendered":"http:\/\/2horizontes.com\/?p=40619"},"modified":"2016-02-02T00:45:48","modified_gmt":"2016-02-01T23:45:48","slug":"inapa-aclara-no-era-su-empleado-hombre-murio-sepultado-durante-trabajo-en-cotui-rd","status":"publish","type":"post","link":"https:\/\/2horizontes.com\/?p=40619","title":{"rendered":"Inapa aclara no era su empleado hombre muri\u00f3 sepultado durante trabajo en Cotu\u00ed RD"},"content":{"rendered":"<p>RD-COTUI-El Instituto Nacional de Aguas Potables y Alcantarillados (Inapa) aclar\u00f3 que no era empleado de esa instituci\u00f3n, el obrero que <a href=\"http:\/\/www.elcaribe.com.do\/2016\/01\/30\/hombre-muere-quedar-sepultado-durante-trabajos-que-realizaba-inapa\" target=\"_blank\"><strong>muri\u00f3\u00a0tras quedar sepultado<\/strong><\/a> por un deslizamiento de tierra, cuando realizaba unos trabajos en la calle M\u00e1ximo G\u00f3mez del sector Libertad, en el municipio Cotu\u00ed, provincia S\u00e1nchez Ram\u00edrez.<\/p>\n<p>En un comunicado de prensa, la instituci\u00f3n al lamentar la tragedia, explic\u00f3 que el trabajador, pertenec\u00eda a la compa\u00f1\u00eda contratista \u00a0Black Path, representada por el se\u00f1or Carlos S\u00e1nchez.<\/p>\n<p>\u201cNosotros lamentamos profundamente la muerte de este obrero, quien se ganaba el sustento de su familia, dignamente con el sudor de su frente, pero\u00a0 queremos aclarar que no era empleado del Inapa, sino de una compa\u00f1\u00eda contratista\u201d, se\u00f1al\u00f3.<\/p>\n<p>\u00abLa v\u00edctima, el se\u00f1or Francisco Amparo, de 61 a\u00f1os, junto a otros hombres realizaba trabajos de correcciones de aver\u00edas en el Alcantarillado Sanitario del municipio de Cotu\u00ed, provincia S\u00e1nchez Ram\u00edrez\u00bb, dice la nota.<\/p>\n<p>&nbsp;<\/p>\n<p>&nbsp;<\/p>\n","protected":false},"excerpt":{"rendered":"<p>RD-COTUI-El Instituto Nacional de Aguas Potables y Alcantarillados (Inapa) aclar\u00f3 que no era empleado de esa instituci\u00f3n, el obrero que muri\u00f3\u00a0tras quedar sepultado por un deslizamiento de tierra, cuando realizaba unos trabajos en la calle M\u00e1ximo G\u00f3mez del sector Libertad, en el municipio Cotu\u00ed, provincia S\u00e1nchez Ram\u00edrez. En un comunicado de prensa, la instituci\u00f3n al [&hellip;]<\/p>\n","protected":false},"author":8,"featured_media":40620,"comment_status":"open","ping_status":"open","sticky":false,"template":"","format":"standard","meta":{"footnotes":""},"categories":[53,44],"tags":[],"class_list":["post-40619","post","type-post","status-publish","format-standard","has-post-thumbnail","hentry","category-provincias","category-republica-dominicana"],"_links":{"self":[{"href":"https:\/\/2horizontes.com\/index.php?rest_route=\/wp\/v2\/posts\/40619","targetHints":{"allow":["GET"]}}],"collection":[{"href":"https:\/\/2horizontes.com\/index.php?rest_route=\/wp\/v2\/posts"}],"about":[{"href":"https:\/\/2horizontes.com\/index.php?rest_route=\/wp\/v2\/types\/post"}],"author":[{"embeddable":true,"href":"https:\/\/2horizontes.com\/index.php?rest_route=\/wp\/v2\/users\/8"}],"replies":[{"embeddable":true,"href":"https:\/\/2horizontes.com\/index.php?rest_route=%2Fwp%2Fv2%2Fcomments&post=40619"}],"version-history":[{"count":1,"href":"https:\/\/2horizontes.com\/index.php?rest_route=\/wp\/v2\/posts\/40619\/revisions"}],"predecessor-version":[{"id":40621,"href":"https:\/\/2horizontes.com\/index.php?rest_route=\/wp\/v2\/posts\/40619\/revisions\/40621"}],"wp:featuredmedia":[{"embeddable":true,"href":"https:\/\/2horizontes.com\/index.php?rest_route=\/wp\/v2\/media\/40620"}],"wp:attachment":[{"href":"https:\/\/2horizontes.com\/index.php?rest_route=%2Fwp%2Fv2%2Fmedia&parent=40619"}],"wp:term":[{"taxonomy":"category","embeddable":true,"href":"https:\/\/2horizontes.com\/index.php?rest_route=%2Fwp%2Fv2%2Fcategories&post=40619"},{"taxonomy":"post_tag","embeddable":true,"href":"https:\/\/2horizontes.com\/index.php?rest_route=%2Fwp%2Fv2%2Ftags&post=40619"}],"curies":[{"name":"wp","href":"https:\/\/api.w.org\/{rel}","templated":true}]}}