{"id":40578,"date":"2016-02-01T18:52:20","date_gmt":"2016-02-01T17:52:20","guid":{"rendered":"http:\/\/2horizontes.com\/?p=40578"},"modified":"2016-02-01T18:53:18","modified_gmt":"2016-02-01T17:53:18","slug":"muere-un-nino-de-ano-y-medio-atropellado-por-un-camion-en-parla","status":"publish","type":"post","link":"https:\/\/2horizontes.com\/?p=40578","title":{"rendered":"Muere un ni\u00f1o de a\u00f1o y medio atropellado por un cami\u00f3n en Parla"},"content":{"rendered":"<p>Un ni\u00f1o de a\u00f1o y medio ha fallecido esta ma\u00f1ana en Parla (Madrid) tras ser embestido el carro en el que iba por un cami\u00f3n que transportaba contenedores de obra, han informado fuentes de Emergencias Comunidad de Madrid 112.<\/p>\n<p>El atropello ha tenido lugar a las 9:20 horas en la calle de R\u00edo Guadiana de la localidad parle\u00f1a, cerca de los colegios Gin\u00e9s de los R\u00edos y Torrente Ballester.<\/p>\n<p>La madre de la v\u00edctima cruzaba la calle R\u00edo Guadiana con un carrito de dos plazas cuando el cami\u00f3n hizo una maniobra y colision\u00f3 con la parte delantera del carro, donde viajaba el beb\u00e9, mientras que en la parte trasera iba su hermano que result\u00f3 ileso.<\/p>\n<p>El peque\u00f1o ha sufrido politraumatismos y ha fallecido en el acto, por lo que los sanitarios del Summa que se han desplazado al lugar con los Bomberos de la Comunidad y la Polic\u00eda local solo han podido certificar su muerte.<\/p>\n<p>Los sanitarios han atendido al otro beb\u00e9, que ha resultado ileso, y a la madre, de 26 a\u00f1os, as\u00ed como al padre, de unos 30, que ha acudido al lugar inmediatamente, ambos por crisis de ansiedad. La familia ha sido trasladada al hospital de Parla.<\/p>\n<p>Mientras, los facultativos tambi\u00e9n han asistido al conductor del cami\u00f3n por crisis de ansiedad y lo han trasladado al hospital de Getafe. La Polic\u00eda local se ha hecho cargo de la investigaci\u00f3n y ha tomado declaraci\u00f3n al camionero.<\/p>\n<p>Hasta el lugar se han desplazado tres dotaciones de los bomberos de la Comunidad de Madrid, una UVI m\u00f3vil y una ambulancia del Summa.<\/p>\n","protected":false},"excerpt":{"rendered":"<p>Un ni\u00f1o de a\u00f1o y medio ha fallecido esta ma\u00f1ana en Parla (Madrid) tras ser embestido el carro en el que iba por un cami\u00f3n que transportaba contenedores de obra, han informado fuentes de Emergencias Comunidad de Madrid 112. El atropello ha tenido lugar a las 9:20 horas en la calle de R\u00edo Guadiana de [&hellip;]<\/p>\n","protected":false},"author":3,"featured_media":40579,"comment_status":"open","ping_status":"open","sticky":false,"template":"","format":"standard","meta":{"footnotes":""},"categories":[85],"tags":[],"class_list":["post-40578","post","type-post","status-publish","format-standard","has-post-thumbnail","hentry","category-espana"],"_links":{"self":[{"href":"https:\/\/2horizontes.com\/index.php?rest_route=\/wp\/v2\/posts\/40578","targetHints":{"allow":["GET"]}}],"collection":[{"href":"https:\/\/2horizontes.com\/index.php?rest_route=\/wp\/v2\/posts"}],"about":[{"href":"https:\/\/2horizontes.com\/index.php?rest_route=\/wp\/v2\/types\/post"}],"author":[{"embeddable":true,"href":"https:\/\/2horizontes.com\/index.php?rest_route=\/wp\/v2\/users\/3"}],"replies":[{"embeddable":true,"href":"https:\/\/2horizontes.com\/index.php?rest_route=%2Fwp%2Fv2%2Fcomments&post=40578"}],"version-history":[{"count":1,"href":"https:\/\/2horizontes.com\/index.php?rest_route=\/wp\/v2\/posts\/40578\/revisions"}],"predecessor-version":[{"id":40580,"href":"https:\/\/2horizontes.com\/index.php?rest_route=\/wp\/v2\/posts\/40578\/revisions\/40580"}],"wp:featuredmedia":[{"embeddable":true,"href":"https:\/\/2horizontes.com\/index.php?rest_route=\/wp\/v2\/media\/40579"}],"wp:attachment":[{"href":"https:\/\/2horizontes.com\/index.php?rest_route=%2Fwp%2Fv2%2Fmedia&parent=40578"}],"wp:term":[{"taxonomy":"category","embeddable":true,"href":"https:\/\/2horizontes.com\/index.php?rest_route=%2Fwp%2Fv2%2Fcategories&post=40578"},{"taxonomy":"post_tag","embeddable":true,"href":"https:\/\/2horizontes.com\/index.php?rest_route=%2Fwp%2Fv2%2Ftags&post=40578"}],"curies":[{"name":"wp","href":"https:\/\/api.w.org\/{rel}","templated":true}]}}