{"id":40533,"date":"2016-02-01T16:15:41","date_gmt":"2016-02-01T15:15:41","guid":{"rendered":"http:\/\/2horizontes.com\/?p=40533"},"modified":"2016-02-01T16:15:41","modified_gmt":"2016-02-01T15:15:41","slug":"latino-podria-acompanar-a-clinton-en-boleta-electoral","status":"publish","type":"post","link":"https:\/\/2horizontes.com\/?p=40533","title":{"rendered":"Latino podr\u00eda acompa\u00f1ar a Clinton en boleta electoral"},"content":{"rendered":"<div id=\"ArticleAuthorDiv\" class=\"article-body-author\"><b>EFE<\/b><\/div>\n<div id=\"ArticleSourceDiv\" class=\"article-body-author\"><b>Austin (EE.UU.)<\/b><\/div>\n<div id=\"ArticleBody\">\n<p>Juli\u00e1n Castro es sin duda alguna el principal dirigente latino del Partido Dem\u00f3crata y uno de los mayores aliados de Hillary Clinton en su carrera a la Casa Blanca, un reto para el que muchos sit\u00faan al texano como favorito y perfecto candidato a vicepresidente de Estados Unidos.<\/p>\n<p>\u201c\u00bfCrees que ella (Clinton) te escoger\u00e1 como compa\u00f1ero de f\u00f3rmula?, \u00bfTe est\u00e1s postulando para ser vicepresidente?, \u00bfTe gustar\u00eda ser vicepresidente?\u201d, estas tres preguntas -a las que Castro respondi\u00f3 con un triple \u201cno\u201d- se las realizaron el lunes en Ottumwa (Iowa) pero podr\u00edan haber sido en cualquier otro lugar.<\/p>\n<p>Est\u00e1 casi tan ocupado en desmentir los rumores que lo sit\u00faan de candidato a la Vicepresidencia como en respaldar a Clinton. \u201cEstoy completamente dedicado a ayudar a Hillary. Tenemos unas primarias (que ganar)\u201d, sentenci\u00f3 en Ottumwa, pese a la sucesi\u00f3n de art\u00edculos que lo ponen en esa posici\u00f3n.<\/p>\n<p>Nieto de una mexicana, Castro, de 41 a\u00f1os, fue alcalde de San Antonio -la s\u00e9ptima ciudad del pa\u00eds- entre 2009 y 2014, momento en el que el presidente Barack Obama lo nombr\u00f3 secretario de Vivienda y Desarrollo Urbano y se convirti\u00f3 en el miembro m\u00e1s joven del Gobierno estadounidense.<\/p>\n<p>Se hab\u00eda hecho popular en 2012 al ser el primer latino que abr\u00eda una Convenci\u00f3n Nacional Dem\u00f3crata, as\u00ed lo hab\u00eda hecho el propio presidente ocho a\u00f1os atr\u00e1s, lo que le vali\u00f3 al entonces alcalde el apelativo del \u201cObama latino\u201d.<\/p>\n<p>Uno de los atractivos de incluir a Castro en la f\u00f3rmula, quiz\u00e1s el mayor, ser\u00eda el de captar el voto latino para los dem\u00f3cratas, especialmente en unos comicios para los que el Partido Republicano tiene aspirantes hispanos como Ted Cruz o Marcos Rubio listos para obtener la nominaci\u00f3n si no lo hace el magnate Donald Trump.<\/p>\n<p><strong>(+)<\/strong><br \/>\n<strong>CASI 30 MILLONES EST\u00c1N\u00a0<\/strong><strong>LLAMADOS A LAS URNAS<\/strong><\/p>\n<p>Junto a Castro, en las quinielas para suceder a Joe Biden si Clinton llega a la Casa Blanca est\u00e1n la senadora Elizabeth Warren o Martin O\u2019Malley, gobernador de Maryland y tercero en discordia en las encuestas dem\u00f3cratas por detr\u00e1s de la exprimera dama y del senador por Vermont Bernie Sanders.<\/p>\n<p>En la campa\u00f1a de Sanders, precisamente, que se disputa la nominaci\u00f3n dem\u00f3crata con Clinton, la posible candidatura de Castro \u201cno preocupa para nada\u201d, o por lo menos as\u00ed lo afirma contundente su portavoz para medios hispanos, Erika Andiola, que considera al exalcalde de San Antonio como parte del \u201cestablishment\u201d dem\u00f3crata.<\/p>\n<p>En los comicios del 8 de noviembre, cerca de 28,5 millones de latinos estar\u00e1n llamados a las urnas (13% del censo) y si Clinton opta finalmente por Castro es porque cree que el texano los puede atraer.<\/p>\n<\/div>\n","protected":false},"excerpt":{"rendered":"<p>EFE Austin (EE.UU.) Juli\u00e1n Castro es sin duda alguna el principal dirigente latino del Partido Dem\u00f3crata y uno de los mayores aliados de Hillary Clinton en su carrera a la Casa Blanca, un reto para el que muchos sit\u00faan al texano como favorito y perfecto candidato a vicepresidente de Estados Unidos. \u201c\u00bfCrees que ella (Clinton) [&hellip;]<\/p>\n","protected":false},"author":7,"featured_media":40534,"comment_status":"open","ping_status":"open","sticky":false,"template":"","format":"standard","meta":{"footnotes":""},"categories":[54,40],"tags":[],"class_list":["post-40533","post","type-post","status-publish","format-standard","has-post-thumbnail","hentry","category-emigrantes","category-internacionales"],"_links":{"self":[{"href":"https:\/\/2horizontes.com\/index.php?rest_route=\/wp\/v2\/posts\/40533","targetHints":{"allow":["GET"]}}],"collection":[{"href":"https:\/\/2horizontes.com\/index.php?rest_route=\/wp\/v2\/posts"}],"about":[{"href":"https:\/\/2horizontes.com\/index.php?rest_route=\/wp\/v2\/types\/post"}],"author":[{"embeddable":true,"href":"https:\/\/2horizontes.com\/index.php?rest_route=\/wp\/v2\/users\/7"}],"replies":[{"embeddable":true,"href":"https:\/\/2horizontes.com\/index.php?rest_route=%2Fwp%2Fv2%2Fcomments&post=40533"}],"version-history":[{"count":1,"href":"https:\/\/2horizontes.com\/index.php?rest_route=\/wp\/v2\/posts\/40533\/revisions"}],"predecessor-version":[{"id":40535,"href":"https:\/\/2horizontes.com\/index.php?rest_route=\/wp\/v2\/posts\/40533\/revisions\/40535"}],"wp:featuredmedia":[{"embeddable":true,"href":"https:\/\/2horizontes.com\/index.php?rest_route=\/wp\/v2\/media\/40534"}],"wp:attachment":[{"href":"https:\/\/2horizontes.com\/index.php?rest_route=%2Fwp%2Fv2%2Fmedia&parent=40533"}],"wp:term":[{"taxonomy":"category","embeddable":true,"href":"https:\/\/2horizontes.com\/index.php?rest_route=%2Fwp%2Fv2%2Fcategories&post=40533"},{"taxonomy":"post_tag","embeddable":true,"href":"https:\/\/2horizontes.com\/index.php?rest_route=%2Fwp%2Fv2%2Ftags&post=40533"}],"curies":[{"name":"wp","href":"https:\/\/api.w.org\/{rel}","templated":true}]}}