{"id":40440,"date":"2016-01-31T15:01:35","date_gmt":"2016-01-31T14:01:35","guid":{"rendered":"http:\/\/2horizontes.com\/?p=40440"},"modified":"2016-01-31T15:01:35","modified_gmt":"2016-01-31T14:01:35","slug":"raul-castro-llega-a-paris-donde-el-lunes-inicia-una-visita-oficial","status":"publish","type":"post","link":"https:\/\/2horizontes.com\/?p=40440","title":{"rendered":"Ra\u00fal Castro llega a Par\u00eds, donde el lunes inicia una visita oficial"},"content":{"rendered":"<div id=\"ArticleAuthorDiv\" class=\"article-body-author\"><b>EFE<\/b><\/div>\n<div id=\"ArticleSourceDiv\" class=\"article-body-author\"><b>Par\u00eds<\/b><\/div>\n<div id=\"ArticleBody\">\n<p>El presidente de Cuba, Ra\u00fal Castro, lleg\u00f3 el s\u00e1bado a Par\u00eds, donde el pr\u00f3ximo lunes iniciar\u00e1 una visita oficial de dos d\u00edas durante la que se entrevistar\u00e1 con su hom\u00f3logo franc\u00e9s, Fran\u00e7ois Hollande.<\/p>\n<p>Castro, sin agenda oficial el s\u00e1bado y el domingo, aterriz\u00f3 hacia las 12.15 hora local (11.15 GMT) en el aeropuerto parisino de Orly, informaron a la prensa fuentes de la terminal a\u00e9rea.<\/p>\n<p>Se trata del primer viaje de un mandatario cubano a Francia desde el de su hermano Fidel Castro en 1995, en el tramo final de la presidencia de Fran\u00e7ois Mitterrand, y responde a la visita que Hollande realiz\u00f3 a la isla en mayo de 2015.<\/p>\n<p>El encuentro bilateral con Hollande est\u00e1 previsto a las 16.00 GMT del lunes, y tras la firma de diversos acuerdos y una breve declaraci\u00f3n conjunta a la prensa ser\u00e1 seguido de una cena de Estado, tambi\u00e9n en el Palacio del El\u00edseo.<\/p>\n<\/div>\n","protected":false},"excerpt":{"rendered":"<p>EFE Par\u00eds El presidente de Cuba, Ra\u00fal Castro, lleg\u00f3 el s\u00e1bado a Par\u00eds, donde el pr\u00f3ximo lunes iniciar\u00e1 una visita oficial de dos d\u00edas durante la que se entrevistar\u00e1 con su hom\u00f3logo franc\u00e9s, Fran\u00e7ois Hollande. Castro, sin agenda oficial el s\u00e1bado y el domingo, aterriz\u00f3 hacia las 12.15 hora local (11.15 GMT) en el aeropuerto [&hellip;]<\/p>\n","protected":false},"author":7,"featured_media":40441,"comment_status":"open","ping_status":"open","sticky":false,"template":"","format":"standard","meta":{"footnotes":""},"categories":[49,86,40,43],"tags":[],"class_list":["post-40440","post","type-post","status-publish","format-standard","has-post-thumbnail","hentry","category-cuba","category-europa","category-internacionales","category-politica"],"_links":{"self":[{"href":"https:\/\/2horizontes.com\/index.php?rest_route=\/wp\/v2\/posts\/40440","targetHints":{"allow":["GET"]}}],"collection":[{"href":"https:\/\/2horizontes.com\/index.php?rest_route=\/wp\/v2\/posts"}],"about":[{"href":"https:\/\/2horizontes.com\/index.php?rest_route=\/wp\/v2\/types\/post"}],"author":[{"embeddable":true,"href":"https:\/\/2horizontes.com\/index.php?rest_route=\/wp\/v2\/users\/7"}],"replies":[{"embeddable":true,"href":"https:\/\/2horizontes.com\/index.php?rest_route=%2Fwp%2Fv2%2Fcomments&post=40440"}],"version-history":[{"count":1,"href":"https:\/\/2horizontes.com\/index.php?rest_route=\/wp\/v2\/posts\/40440\/revisions"}],"predecessor-version":[{"id":40442,"href":"https:\/\/2horizontes.com\/index.php?rest_route=\/wp\/v2\/posts\/40440\/revisions\/40442"}],"wp:featuredmedia":[{"embeddable":true,"href":"https:\/\/2horizontes.com\/index.php?rest_route=\/wp\/v2\/media\/40441"}],"wp:attachment":[{"href":"https:\/\/2horizontes.com\/index.php?rest_route=%2Fwp%2Fv2%2Fmedia&parent=40440"}],"wp:term":[{"taxonomy":"category","embeddable":true,"href":"https:\/\/2horizontes.com\/index.php?rest_route=%2Fwp%2Fv2%2Fcategories&post=40440"},{"taxonomy":"post_tag","embeddable":true,"href":"https:\/\/2horizontes.com\/index.php?rest_route=%2Fwp%2Fv2%2Ftags&post=40440"}],"curies":[{"name":"wp","href":"https:\/\/api.w.org\/{rel}","templated":true}]}}