{"id":40433,"date":"2016-01-31T14:48:20","date_gmt":"2016-01-31T13:48:20","guid":{"rendered":"http:\/\/2horizontes.com\/?p=40433"},"modified":"2016-01-31T14:48:20","modified_gmt":"2016-01-31T13:48:20","slug":"mas-de-6-000-musicos-bolivianos-entonan-canciones-sobre-la-demanda-maritima","status":"publish","type":"post","link":"https:\/\/2horizontes.com\/?p=40433","title":{"rendered":"M\u00e1s de 6.000 m\u00fasicos bolivianos entonan canciones sobre la demanda mar\u00edtima"},"content":{"rendered":"<div id=\"ArticleAuthorDiv\" class=\"article-body-author\"><b>EFE<\/b><\/div>\n<div id=\"ArticleSourceDiv\" class=\"article-body-author\"><b>La Paz<\/b><\/div>\n<div id=\"ArticleBody\">\n<p>M\u00e1s de 6.000 m\u00fasicos bolivianos entonaron canciones sobre la hist\u00f3rica demanda de su pa\u00eds a Chile de una restituci\u00f3n de la salida soberana al Pac\u00edfico, entre ellas el vals \u00abYo quiero un mar\u00bb, del cantautor chileno Pedro Telmo Caicano.<\/p>\n<p>Los m\u00fasicos se reunieron en la ciudad de Oruro en el XV Festival de Bandas, al que asisti\u00f3 el presidente Evo Morales, quien record\u00f3 en declaraciones a la red de televisi\u00f3n ATB que en su juventud fue trompetista de una de esas agrupaciones.<\/p>\n<p>Los m\u00fasicos, que tambi\u00e9n interpretaron la marcha \u00abRecuperemos nuestro mar\u00bb, dedicaron su presentaci\u00f3n \u00abal mar boliviano para demostrar al mundo que Bolivia naci\u00f3 con una salida soberana al oc\u00e9ano Pac\u00edfico\u00bb, dijo el dirigente del sector Boris Villanueva.<\/p>\n<p>Los organizadores se\u00f1alaron que m\u00e1s de 6.000 m\u00fasicos participaron en la actividad, que tambi\u00e9n incluy\u00f3 la participaci\u00f3n de los grupos Kalamarka, Llajtaymanta y Raymi Bolivia, entre otros.<\/p>\n<p>Las bandas acompa\u00f1ar\u00e1n a las decenas de miles de danzantes que la pr\u00f3xima semana participar\u00e1n en el desfile folcl\u00f3rico el Carnaval de Oruro, proclamado en 2001 Obra Maestra del Patrimonio Oral e Inmaterial de la Humanidad de la Unesco.<\/p>\n<p>El dirigente tambi\u00e9n destac\u00f3 la decisi\u00f3n del presidente Evo Morales de presentar en 2013 una demanda contra Chile ante la Corte Internacional de Justicia de La Haya para exigir una negociaci\u00f3n sobre su reclamo hist\u00f3rico de una salida al Pac\u00edfico.<\/p>\n<p>Bolivia perdi\u00f3 su acceso al mar en la guerra del Pac\u00edfico, en 1879, ante tropas chilenas.<\/p>\n<\/div>\n","protected":false},"excerpt":{"rendered":"<p>EFE La Paz M\u00e1s de 6.000 m\u00fasicos bolivianos entonaron canciones sobre la hist\u00f3rica demanda de su pa\u00eds a Chile de una restituci\u00f3n de la salida soberana al Pac\u00edfico, entre ellas el vals \u00abYo quiero un mar\u00bb, del cantautor chileno Pedro Telmo Caicano. Los m\u00fasicos se reunieron en la ciudad de Oruro en el XV Festival [&hellip;]<\/p>\n","protected":false},"author":7,"featured_media":40434,"comment_status":"open","ping_status":"open","sticky":false,"template":"","format":"standard","meta":{"footnotes":""},"categories":[1,40],"tags":[],"class_list":["post-40433","post","type-post","status-publish","format-standard","has-post-thumbnail","hentry","category-entretenimiento","category-internacionales"],"_links":{"self":[{"href":"https:\/\/2horizontes.com\/index.php?rest_route=\/wp\/v2\/posts\/40433","targetHints":{"allow":["GET"]}}],"collection":[{"href":"https:\/\/2horizontes.com\/index.php?rest_route=\/wp\/v2\/posts"}],"about":[{"href":"https:\/\/2horizontes.com\/index.php?rest_route=\/wp\/v2\/types\/post"}],"author":[{"embeddable":true,"href":"https:\/\/2horizontes.com\/index.php?rest_route=\/wp\/v2\/users\/7"}],"replies":[{"embeddable":true,"href":"https:\/\/2horizontes.com\/index.php?rest_route=%2Fwp%2Fv2%2Fcomments&post=40433"}],"version-history":[{"count":2,"href":"https:\/\/2horizontes.com\/index.php?rest_route=\/wp\/v2\/posts\/40433\/revisions"}],"predecessor-version":[{"id":40436,"href":"https:\/\/2horizontes.com\/index.php?rest_route=\/wp\/v2\/posts\/40433\/revisions\/40436"}],"wp:featuredmedia":[{"embeddable":true,"href":"https:\/\/2horizontes.com\/index.php?rest_route=\/wp\/v2\/media\/40434"}],"wp:attachment":[{"href":"https:\/\/2horizontes.com\/index.php?rest_route=%2Fwp%2Fv2%2Fmedia&parent=40433"}],"wp:term":[{"taxonomy":"category","embeddable":true,"href":"https:\/\/2horizontes.com\/index.php?rest_route=%2Fwp%2Fv2%2Fcategories&post=40433"},{"taxonomy":"post_tag","embeddable":true,"href":"https:\/\/2horizontes.com\/index.php?rest_route=%2Fwp%2Fv2%2Ftags&post=40433"}],"curies":[{"name":"wp","href":"https:\/\/api.w.org\/{rel}","templated":true}]}}