{"id":40386,"date":"2016-01-30T17:39:12","date_gmt":"2016-01-30T16:39:12","guid":{"rendered":"http:\/\/2horizontes.com\/?p=40386"},"modified":"2016-01-30T17:39:12","modified_gmt":"2016-01-30T16:39:12","slug":"agente-de-amet-mata-companero","status":"publish","type":"post","link":"https:\/\/2horizontes.com\/?p=40386","title":{"rendered":"Agente de Amet mata compa\u00f1ero"},"content":{"rendered":"<div id=\"ArticleSourceDiv\" class=\"article-body-author\"><b>Santo Domingo<\/b><\/div>\n<div id=\"ArticleBody\">\n<h2 id=\"ArticlePostTitleDiv\" class=\"art_postitulo\">LA POLIC\u00cdA DIJO QUE EL DETENIDO SER\u00c1 PUESTO A DISPOSICI\u00d3N DEL MINISTERIO P\u00daBLICO<\/h2>\n<p>Un raso policial adscrito a la Autoridad Metropolitana de Transporte (AMET), ultim\u00f3 anoche a su compa\u00f1ero de servicio de la misma instituci\u00f3n, supuestamente de manera accidental, en las inmediaciones de la estaci\u00f3n \u00a0\u00a0\u00a0Mam\u00e1 Ting\u00f3, del \u00a0Metro Santo Domingo, \u00a0en Villa Mella.<\/p>\n<p>De acuerdo con el informe policial, el raso Manuel Henr\u00edquez Gonz\u00e1lez Severino de 20 a\u00f1os, mat\u00f3 a su compa\u00f1ero Ram\u00f3n Antonio Paulino Mora, de 19 a\u00f1os, momentos en que presuntamente le mostraba su arma de reglamento, una pistola marca Browning, calibre 9 mil\u00edmetros, n\u00famero 245PN78457.<\/p>\n<p>Paulino Mora falleci\u00f3 mientras recib\u00eda atenciones en el Hospital Ney Arias Lora, donde fue llevado tras resultar herido de bala en el abdomen.<\/p>\n<p>La Polic\u00eda explic\u00f3, en una nota, que el raso Gonz\u00e1lez Severino alega que se le escap\u00f3 un disparo mientras le mostraba su arma de reglamento a su compa\u00f1ero, horas despu\u00e9s de que hab\u00eda sostenido una discusi\u00f3n con un conductor, por lo que hal\u00f3 la referida arma y la manipul\u00f3, y que al mostr\u00e1rsela a su compa\u00f1ero no se percat\u00f3 que no la hab\u00eda \u201cdespejado\u201d.<\/p>\n<p>El detenido ser\u00e1 puesto a disposici\u00f3n de la justicia.<\/p>\n<\/div>\n","protected":false},"excerpt":{"rendered":"<p>Santo Domingo LA POLIC\u00cdA DIJO QUE EL DETENIDO SER\u00c1 PUESTO A DISPOSICI\u00d3N DEL MINISTERIO P\u00daBLICO Un raso policial adscrito a la Autoridad Metropolitana de Transporte (AMET), ultim\u00f3 anoche a su compa\u00f1ero de servicio de la misma instituci\u00f3n, supuestamente de manera accidental, en las inmediaciones de la estaci\u00f3n \u00a0\u00a0\u00a0Mam\u00e1 Ting\u00f3, del \u00a0Metro Santo Domingo, \u00a0en Villa [&hellip;]<\/p>\n","protected":false},"author":4,"featured_media":40052,"comment_status":"open","ping_status":"open","sticky":false,"template":"","format":"standard","meta":{"footnotes":""},"categories":[84,44],"tags":[],"class_list":["post-40386","post","type-post","status-publish","format-standard","has-post-thumbnail","hentry","category-otras-noticias","category-republica-dominicana"],"_links":{"self":[{"href":"https:\/\/2horizontes.com\/index.php?rest_route=\/wp\/v2\/posts\/40386","targetHints":{"allow":["GET"]}}],"collection":[{"href":"https:\/\/2horizontes.com\/index.php?rest_route=\/wp\/v2\/posts"}],"about":[{"href":"https:\/\/2horizontes.com\/index.php?rest_route=\/wp\/v2\/types\/post"}],"author":[{"embeddable":true,"href":"https:\/\/2horizontes.com\/index.php?rest_route=\/wp\/v2\/users\/4"}],"replies":[{"embeddable":true,"href":"https:\/\/2horizontes.com\/index.php?rest_route=%2Fwp%2Fv2%2Fcomments&post=40386"}],"version-history":[{"count":1,"href":"https:\/\/2horizontes.com\/index.php?rest_route=\/wp\/v2\/posts\/40386\/revisions"}],"predecessor-version":[{"id":40387,"href":"https:\/\/2horizontes.com\/index.php?rest_route=\/wp\/v2\/posts\/40386\/revisions\/40387"}],"wp:featuredmedia":[{"embeddable":true,"href":"https:\/\/2horizontes.com\/index.php?rest_route=\/wp\/v2\/media\/40052"}],"wp:attachment":[{"href":"https:\/\/2horizontes.com\/index.php?rest_route=%2Fwp%2Fv2%2Fmedia&parent=40386"}],"wp:term":[{"taxonomy":"category","embeddable":true,"href":"https:\/\/2horizontes.com\/index.php?rest_route=%2Fwp%2Fv2%2Fcategories&post=40386"},{"taxonomy":"post_tag","embeddable":true,"href":"https:\/\/2horizontes.com\/index.php?rest_route=%2Fwp%2Fv2%2Ftags&post=40386"}],"curies":[{"name":"wp","href":"https:\/\/api.w.org\/{rel}","templated":true}]}}