{"id":40319,"date":"2016-01-29T21:37:18","date_gmt":"2016-01-29T20:37:18","guid":{"rendered":"http:\/\/2horizontes.com\/?p=40319"},"modified":"2016-01-29T21:37:18","modified_gmt":"2016-01-29T20:37:18","slug":"otro-muerto-por-violencia-electoral-en-haiti","status":"publish","type":"post","link":"https:\/\/2horizontes.com\/?p=40319","title":{"rendered":"Otro muerto por violencia electoral en Hait\u00ed"},"content":{"rendered":"<div id=\"ArticleAuthorDiv\" class=\"article-body-author\"><b>EFE<\/b><\/div>\n<div id=\"ArticleSourceDiv\" class=\"article-body-author\"><b>Puerto Pr\u00edncipe<\/b><\/div>\n<div id=\"ArticleBody\">\n<p>Una persona muri\u00f3 en el norte de Hait\u00ed en una confrontaci\u00f3n pol\u00edtica, en medio de la crisis electoral que vive el pa\u00eds caribe\u00f1o, mientras el oficialismo protesta hoy en las calles en reclamo de la celebraci\u00f3n de las aplazadas elecciones presidenciales.<\/p>\n<p>Radio Metropole report\u00f3 que una persona muri\u00f3 ayer en medio de confrontaciones pol\u00edtica en la localidad de Pilate, donde la situaci\u00f3n sigue siendo tensa.<\/p>\n<p>La emisora no ofreci\u00f3 el nombre de la v\u00edctima ni m\u00e1s detalles de su muerte, pero inform\u00f3 que desconocidos incendiaron la casa del alcalde de Pilate, Pierre Michel Obas.<\/p>\n<p>Esta es la tercera persona que muere en hechos relacionados con la violencia electoral en Hait\u00ed desde que el pasado 18 de enero empezaron las manifestaciones callejeras.<\/p>\n<p>El oficialismo decidi\u00f3 volver a manifestarse hoy en las calles pare pedir la celebraci\u00f3n de la aplazada segunda ronda electoral, el mismo d\u00eda en que se dio a conocer la renuncia de Pierre-Louis Opont, presidente del Consejo Electoral Provisional (CEP), encargado de los comicios.<\/p>\n<p>Contrario a los d\u00edas anteriores, la oposici\u00f3n no convoc\u00f3 nuevas protestas y, hasta ahora, no se conoce su reacci\u00f3n oficial sobre la renuncia de Opont, que complica la situaci\u00f3n pol\u00edtica del pa\u00eds a nueve d\u00edas de que concluya el mandato del presidente del pa\u00eds, Michel Martelly.<\/p>\n<p>Una misi\u00f3n especial de la Organizaci\u00f3n de Estados Americanos (OEA) llegar\u00e1 a Puerto Pr\u00edncipe el pr\u00f3ximo domingo con el objetivo de facilitar el di\u00e1logo pol\u00edtico y social tras la suspensi\u00f3n de la segunda vuelta presidencial.<\/p>\n<p>La delegaci\u00f3n estar\u00e1 encabezada por el presidente de turno en ese \u00f3rgano, el representante de Antigua y Barbuda en la OEA, Ronald Sanders, inform\u00f3 el organismo en un comunicado.<\/p>\n<p>Hait\u00ed debi\u00f3 celebrar el pasado domingo la segunda vuelta de las elecciones presidenciales, que fueron aplazadas dos d\u00edas antes por el Consejo Electoral Provisional (CEP) ante la situaci\u00f3n de violencia.<\/p>\n<p>A las elecciones estaban convocados el candidato oficialista, Jovenel Moise, y el opositor, Jude Celestin, quien se neg\u00f3 a participar en la segunda ronda electoral por el supuesto fraude cometido en la primera ronda celebrada el pasado 25 de octubre.<\/p>\n<\/div>\n","protected":false},"excerpt":{"rendered":"<p>EFE Puerto Pr\u00edncipe Una persona muri\u00f3 en el norte de Hait\u00ed en una confrontaci\u00f3n pol\u00edtica, en medio de la crisis electoral que vive el pa\u00eds caribe\u00f1o, mientras el oficialismo protesta hoy en las calles en reclamo de la celebraci\u00f3n de las aplazadas elecciones presidenciales. Radio Metropole report\u00f3 que una persona muri\u00f3 ayer en medio de [&hellip;]<\/p>\n","protected":false},"author":8,"featured_media":40320,"comment_status":"open","ping_status":"open","sticky":false,"template":"","format":"standard","meta":{"footnotes":""},"categories":[47,43],"tags":[],"class_list":["post-40319","post","type-post","status-publish","format-standard","has-post-thumbnail","hentry","category-haiti","category-politica"],"_links":{"self":[{"href":"https:\/\/2horizontes.com\/index.php?rest_route=\/wp\/v2\/posts\/40319","targetHints":{"allow":["GET"]}}],"collection":[{"href":"https:\/\/2horizontes.com\/index.php?rest_route=\/wp\/v2\/posts"}],"about":[{"href":"https:\/\/2horizontes.com\/index.php?rest_route=\/wp\/v2\/types\/post"}],"author":[{"embeddable":true,"href":"https:\/\/2horizontes.com\/index.php?rest_route=\/wp\/v2\/users\/8"}],"replies":[{"embeddable":true,"href":"https:\/\/2horizontes.com\/index.php?rest_route=%2Fwp%2Fv2%2Fcomments&post=40319"}],"version-history":[{"count":1,"href":"https:\/\/2horizontes.com\/index.php?rest_route=\/wp\/v2\/posts\/40319\/revisions"}],"predecessor-version":[{"id":40321,"href":"https:\/\/2horizontes.com\/index.php?rest_route=\/wp\/v2\/posts\/40319\/revisions\/40321"}],"wp:featuredmedia":[{"embeddable":true,"href":"https:\/\/2horizontes.com\/index.php?rest_route=\/wp\/v2\/media\/40320"}],"wp:attachment":[{"href":"https:\/\/2horizontes.com\/index.php?rest_route=%2Fwp%2Fv2%2Fmedia&parent=40319"}],"wp:term":[{"taxonomy":"category","embeddable":true,"href":"https:\/\/2horizontes.com\/index.php?rest_route=%2Fwp%2Fv2%2Fcategories&post=40319"},{"taxonomy":"post_tag","embeddable":true,"href":"https:\/\/2horizontes.com\/index.php?rest_route=%2Fwp%2Fv2%2Ftags&post=40319"}],"curies":[{"name":"wp","href":"https:\/\/api.w.org\/{rel}","templated":true}]}}