{"id":40268,"date":"2016-01-29T12:28:47","date_gmt":"2016-01-29T11:28:47","guid":{"rendered":"http:\/\/2horizontes.com\/?p=40268"},"modified":"2016-01-29T12:28:47","modified_gmt":"2016-01-29T11:28:47","slug":"virus-zika-se-propaga-de-forma-explosiva","status":"publish","type":"post","link":"https:\/\/2horizontes.com\/?p=40268","title":{"rendered":"Virus Zika : \u201cSe propaga de forma explosiva\u201d"},"content":{"rendered":"<div id=\"ArticleAuthorDiv\" class=\"article-body-author\"><b>AP<\/b><\/div>\n<div id=\"ArticleSourceDiv\" class=\"article-body-author\"><b>Ginebra<\/b><\/div>\n<div id=\"ArticleBody\">\n<p>La Organizaci\u00f3n Mundial de la Salud convoc\u00f3 a un comit\u00e9 de emergencia para el lunes para decidir si el brote de virus zika debe ser considerado una emergencia internacional de salud.<\/p>\n<p>En una reuni\u00f3n especial realizada ayer jueves, la directora general de la organizaci\u00f3n de salud de la ONU, Margaret Chan, dijo que el virus, que se ha relacionado con defectos cong\u00e9nitos y problemas neurol\u00f3gicos, se \u201cpropaga de forma explosiva\u201d. Un cient\u00edfico de la OMS alert\u00f3 que podr\u00edan registrarse hasta cuatro millones de casos en el siguiente a\u00f1o.<\/p>\n<p>Chan dijo que aunque no hay ninguna prueba definitiva de que el zika sea el responsable de un aumento en el n\u00famero de beb\u00e9s que nacen con microcefalia en Brasil, \u201cel nivel de alarma es extremadamente alto\u201d. A\u00f1adi\u00f3 que es posible que exista un v\u00ednculo entre el zika y el s\u00edndrome de Guillain-Barre, que es capaz de causar par\u00e1lisis.<\/p>\n<p>\u201cEstos posibles v\u00ednculos, descubiertos s\u00f3lo recientemente, han cambiado r\u00e1pidamente el perfil de riesgo del zika, de una amenaza leve a una de proporciones alarmantes\u201d, dijo Chan.<\/p>\n<p>El virus del zika fue detectado inicialmente en 1947 y durante d\u00e9cadas provocaba s\u00f3lo una leve enfermedad. Pero Chan destac\u00f3 que \u201cla situaci\u00f3n hoy en d\u00eda es totalmente distinta\u201d.<\/p>\n<p>Seg\u00fan los Centros de Control y Prevenci\u00f3n de Enfermedades de Estados Unidos, el virus del zika cunde ahora por m\u00e1s de 20 pa\u00edses, mayormente en Centro y Sudam\u00e9rica.<\/p>\n<p>Sylvain Aldighieri, dirigente del equipo de respuesta epid\u00e9mica de la OMS en el Continente Americano, dijo que podr\u00edan reportarse de 3 a 4 millones de casos de zika en la regi\u00f3n el siguiente a\u00f1o.<\/p>\n<p>Agreg\u00f3 que el c\u00e1lculo se basa en los n\u00fameros de infecciones previos de dengue, que tambi\u00e9n se propaga por el mismo mosquito. Dijo que la agencia espera \u201cenormes cifras\u201d de infecciones por la extensa presencia de los mosquitos que propagan zika, porque no hay inmunidad entre la poblaci\u00f3n y porque la mayor\u00eda de la gente con zika no se enferma.<\/p>\n<p>Se\u00f1al\u00f3 que hay una \u201ccirculaci\u00f3n silenciosa\u201d de la enfermedad podr\u00eda dificultar su monitoreo. Chan mencion\u00f3 cuatro razones principales por las que el OMS est\u00e1 \u201csumamente preocupada\u201d por el zika: el posible v\u00ednculo con defectos cong\u00e9nitos y atrofia cerebral, la posibilidad de una mayor propagaci\u00f3n, una falta de inmunidad entre las poblaciones afectadas y la falta de vacunas, tratamientos o pruebas expeditas. Aun as\u00ed, convocar a una reuni\u00f3n de emergencia no garantiza que se declarar\u00e1 un estado de emergencia global.<\/p>\n<p><strong>(+)<br \/>\nENTRE 3 Y 4 MILLONES DE AFECTADOS: OPS<\/strong><br \/>\nLa Organizaci\u00f3n Panamericana de la Salud (OPS) estima que el virus del Zika podr\u00eda a afectar a entre 3 y 4 millones de personas en Am\u00e9rica en un a\u00f1o, seg\u00fan ha afirmado ayer jueves Sylvan Aldighieri, experto de enfermedades infecciosas de esta entidad. \u201cTeniendo en cuenta que el a\u00f1o pasado hubo en Am\u00e9rica 2 millones de casos de dengue, y que el mosquito que lo transmite es el mismo, y usando modelos inform\u00e1ticos y teniendo en cuenta toda la incertidumbre con la que trabajamos, estimamos que podr\u00eda haber entre 3 y 4 millones de infectados en 12 meses\u201d, ha afirmado Aldighieri.<\/p>\n<p>El experto enfatiz\u00f3 sin cesar el hecho de que estas cifras son \u201cestimaciones\u201d basadas en lo que se sabe sobre el dengue, enfermedad que como el chikungunha se transmite tambi\u00e9n por la picadura del mosquito aeades aegypty, que est\u00e1 presente en toda la regi\u00f3n a excepci\u00f3n de Canad\u00e1 y Chile continental. El experto record\u00f3 que puede ser que esas infecciones sean asintom\u00e1ticas, dado que estudios han demostrado que el 75% de los contagios no muestran s\u00edntomas.<\/p>\n<\/div>\n","protected":false},"excerpt":{"rendered":"<p>AP Ginebra La Organizaci\u00f3n Mundial de la Salud convoc\u00f3 a un comit\u00e9 de emergencia para el lunes para decidir si el brote de virus zika debe ser considerado una emergencia internacional de salud. En una reuni\u00f3n especial realizada ayer jueves, la directora general de la organizaci\u00f3n de salud de la ONU, Margaret Chan, dijo que [&hellip;]<\/p>\n","protected":false},"author":7,"featured_media":40271,"comment_status":"open","ping_status":"open","sticky":false,"template":"","format":"standard","meta":{"footnotes":""},"categories":[40,45],"tags":[],"class_list":["post-40268","post","type-post","status-publish","format-standard","has-post-thumbnail","hentry","category-internacionales","category-salud"],"_links":{"self":[{"href":"https:\/\/2horizontes.com\/index.php?rest_route=\/wp\/v2\/posts\/40268","targetHints":{"allow":["GET"]}}],"collection":[{"href":"https:\/\/2horizontes.com\/index.php?rest_route=\/wp\/v2\/posts"}],"about":[{"href":"https:\/\/2horizontes.com\/index.php?rest_route=\/wp\/v2\/types\/post"}],"author":[{"embeddable":true,"href":"https:\/\/2horizontes.com\/index.php?rest_route=\/wp\/v2\/users\/7"}],"replies":[{"embeddable":true,"href":"https:\/\/2horizontes.com\/index.php?rest_route=%2Fwp%2Fv2%2Fcomments&post=40268"}],"version-history":[{"count":1,"href":"https:\/\/2horizontes.com\/index.php?rest_route=\/wp\/v2\/posts\/40268\/revisions"}],"predecessor-version":[{"id":40272,"href":"https:\/\/2horizontes.com\/index.php?rest_route=\/wp\/v2\/posts\/40268\/revisions\/40272"}],"wp:featuredmedia":[{"embeddable":true,"href":"https:\/\/2horizontes.com\/index.php?rest_route=\/wp\/v2\/media\/40271"}],"wp:attachment":[{"href":"https:\/\/2horizontes.com\/index.php?rest_route=%2Fwp%2Fv2%2Fmedia&parent=40268"}],"wp:term":[{"taxonomy":"category","embeddable":true,"href":"https:\/\/2horizontes.com\/index.php?rest_route=%2Fwp%2Fv2%2Fcategories&post=40268"},{"taxonomy":"post_tag","embeddable":true,"href":"https:\/\/2horizontes.com\/index.php?rest_route=%2Fwp%2Fv2%2Ftags&post=40268"}],"curies":[{"name":"wp","href":"https:\/\/api.w.org\/{rel}","templated":true}]}}