{"id":4025,"date":"2015-04-04T00:11:13","date_gmt":"2015-04-04T00:11:13","guid":{"rendered":"http:\/\/2horizontes.com\/?p=4025"},"modified":"2015-04-04T00:11:13","modified_gmt":"2015-04-04T00:11:13","slug":"matan-hombre-por-robar-platanos-en-rd","status":"publish","type":"post","link":"https:\/\/2horizontes.com\/?p=4025","title":{"rendered":"Matan hombre por robar  pl\u00e1tanos  en RD"},"content":{"rendered":"<p><a href=\"http:\/\/2horizontes.com\/wp-content\/uploads\/2015\/04\/jht.jpg\"><img loading=\"lazy\" decoding=\"async\" src=\"http:\/\/2horizontes.com\/wp-content\/uploads\/2015\/04\/jht-300x195.jpg\" alt=\"jht\" width=\"300\" height=\"195\" class=\"alignleft size-medium wp-image-4026\" srcset=\"https:\/\/2horizontes.com\/wp-content\/uploads\/2015\/04\/jht-300x195.jpg 300w, https:\/\/2horizontes.com\/wp-content\/uploads\/2015\/04\/jht.jpg 466w\" sizes=\"auto, (max-width: 300px) 100vw, 300px\" \/><\/a><\/p>\n<p>SANTIAGO.-La Polic\u00eda inform\u00f3 que fue apresado al mediod\u00eda de este viernes,  un hombre que mat\u00f3 a otro al originarse una ri\u00f1a por unos pl\u00e1tanos.<\/p>\n<p>Se trata de Rafael Vinicio Polanco Mu\u00f1oz (Alex el Evang\u00e9lico) de 44 a\u00f1os,  quien le propin\u00f3 a primeras horas de la ma\u00f1ana de este viernes una pu\u00f1alada en el hemitorax derecho a,  V\u00edctor de Jes\u00fas Cruz de 45 a\u00f1os, momentos en que ambos sostuvieron una pleito.<\/p>\n<p>Los oficiales investigadores explicaron que la v\u00edctima en reiteradas ocasiones supuestamente robaba pl\u00e1tanos del negocio donde era empleado de venta y distribuci\u00f3n de v\u00edveres en el Hospedaje Yaque, de esta ciudad.  El cad\u00e1ver de Cruz fue enviado al Instituto Nacional de Ciencias Forenses(Inacif) para los fines correspondientes<\/p>\n<p>Mientras que el apresado fue enviado ante la justicia para conocerle medida de coerci\u00f3n.<\/p>\n","protected":false},"excerpt":{"rendered":"<p>SANTIAGO.-La Polic\u00eda inform\u00f3 que fue apresado al mediod\u00eda de este viernes, un hombre que mat\u00f3 a otro al originarse una ri\u00f1a por unos pl\u00e1tanos. Se trata de Rafael Vinicio Polanco Mu\u00f1oz (Alex el Evang\u00e9lico) de 44 a\u00f1os, quien le propin\u00f3 a primeras horas de la ma\u00f1ana de este viernes una pu\u00f1alada en el hemitorax derecho [&hellip;]<\/p>\n","protected":false},"author":1,"featured_media":0,"comment_status":"open","ping_status":"open","sticky":false,"template":"","format":"standard","meta":{"footnotes":""},"categories":[1],"tags":[],"class_list":["post-4025","post","type-post","status-publish","format-standard","hentry","category-entretenimiento"],"_links":{"self":[{"href":"https:\/\/2horizontes.com\/index.php?rest_route=\/wp\/v2\/posts\/4025","targetHints":{"allow":["GET"]}}],"collection":[{"href":"https:\/\/2horizontes.com\/index.php?rest_route=\/wp\/v2\/posts"}],"about":[{"href":"https:\/\/2horizontes.com\/index.php?rest_route=\/wp\/v2\/types\/post"}],"author":[{"embeddable":true,"href":"https:\/\/2horizontes.com\/index.php?rest_route=\/wp\/v2\/users\/1"}],"replies":[{"embeddable":true,"href":"https:\/\/2horizontes.com\/index.php?rest_route=%2Fwp%2Fv2%2Fcomments&post=4025"}],"version-history":[{"count":1,"href":"https:\/\/2horizontes.com\/index.php?rest_route=\/wp\/v2\/posts\/4025\/revisions"}],"predecessor-version":[{"id":4027,"href":"https:\/\/2horizontes.com\/index.php?rest_route=\/wp\/v2\/posts\/4025\/revisions\/4027"}],"wp:attachment":[{"href":"https:\/\/2horizontes.com\/index.php?rest_route=%2Fwp%2Fv2%2Fmedia&parent=4025"}],"wp:term":[{"taxonomy":"category","embeddable":true,"href":"https:\/\/2horizontes.com\/index.php?rest_route=%2Fwp%2Fv2%2Fcategories&post=4025"},{"taxonomy":"post_tag","embeddable":true,"href":"https:\/\/2horizontes.com\/index.php?rest_route=%2Fwp%2Fv2%2Ftags&post=4025"}],"curies":[{"name":"wp","href":"https:\/\/api.w.org\/{rel}","templated":true}]}}