{"id":40151,"date":"2016-01-28T10:32:29","date_gmt":"2016-01-28T09:32:29","guid":{"rendered":"http:\/\/2horizontes.com\/?p=40151"},"modified":"2016-01-28T10:32:29","modified_gmt":"2016-01-28T09:32:29","slug":"onu-recuerda-el-holocausto","status":"publish","type":"post","link":"https:\/\/2horizontes.com\/?p=40151","title":{"rendered":"ONU recuerda el Holocausto"},"content":{"rendered":"<div id=\"ArticleAuthorDiv\" class=\"article-body-author\"><b>EFE<\/b><\/div>\n<div id=\"ArticleSourceDiv\" class=\"article-body-author\"><b>Naciones Unidas<\/b><\/div>\n<div id=\"ArticleBody\">\n<p>Naciones Unidas rindi\u00f3 ayer tributo a las v\u00edctimas del Holocausto y avis\u00f3 sobre la existencia de una nueva ola de antisemitismo y de discriminaci\u00f3n contra otros grupos \u00e9tnicos y religiosos.<\/p>\n<p>\u201cHoy, con una creciente marea de intolerancia antisemita, antimusulmana y de otras formas de discriminaci\u00f3n, debemos hacer a\u00fan m\u00e1s para defender los derechos de la gente en cualquier lugar\u201d, dijo el secretario general de la ONU, Ban Ki-moon, en una ceremonia en recuerdo de los millones de jud\u00edos asesinados por el nazismo.<\/p>\n<p>Ban critic\u00f3 adem\u00e1s a aquellos que niegan el Holocausto y lament\u00f3 que hoy d\u00eda se sigan viendo en algunos lugares \u201cesfuerzos para cuestionar la realidad y la escala de la tragedia\u201d.<\/p>\n<p>\u201cEl Holocausto fue un crimen colosal. Las pruebas son irrefutables. Aquellos que lo niegan solo perpet\u00faan falsedades y se burlan del dolor\u201d, dijo el diplom\u00e1tico coreano.<\/p>\n<p><strong>\u201cDecepcionado\u201d<\/strong><br \/>\nEn ese sentido, se declar\u00f3 \u201cprofundamente decepcionado\u201d por la organizaci\u00f3n en Ir\u00e1n de un nuevo concurso de caricaturas del Holocausto, un certamen que lleva a\u00f1os celebr\u00e1ndose y que ha indignado a los jud\u00edos y al Gobierno israel\u00ed.<\/p>\n<p>En su discurso con motivo del D\u00eda Internacional de Conmemoraci\u00f3n anual en memoria de las v\u00edctimas del Holocausto, el jefe de la ONU subray\u00f3 la importancia de educar sobre este episodio para prevenir nuevos genocidios y violaciones de los derechos humanos.<\/p>\n<\/div>\n","protected":false},"excerpt":{"rendered":"<p>EFE Naciones Unidas Naciones Unidas rindi\u00f3 ayer tributo a las v\u00edctimas del Holocausto y avis\u00f3 sobre la existencia de una nueva ola de antisemitismo y de discriminaci\u00f3n contra otros grupos \u00e9tnicos y religiosos. \u201cHoy, con una creciente marea de intolerancia antisemita, antimusulmana y de otras formas de discriminaci\u00f3n, debemos hacer a\u00fan m\u00e1s para defender los [&hellip;]<\/p>\n","protected":false},"author":7,"featured_media":40152,"comment_status":"open","ping_status":"open","sticky":false,"template":"","format":"standard","meta":{"footnotes":""},"categories":[86,40],"tags":[],"class_list":["post-40151","post","type-post","status-publish","format-standard","has-post-thumbnail","hentry","category-europa","category-internacionales"],"_links":{"self":[{"href":"https:\/\/2horizontes.com\/index.php?rest_route=\/wp\/v2\/posts\/40151","targetHints":{"allow":["GET"]}}],"collection":[{"href":"https:\/\/2horizontes.com\/index.php?rest_route=\/wp\/v2\/posts"}],"about":[{"href":"https:\/\/2horizontes.com\/index.php?rest_route=\/wp\/v2\/types\/post"}],"author":[{"embeddable":true,"href":"https:\/\/2horizontes.com\/index.php?rest_route=\/wp\/v2\/users\/7"}],"replies":[{"embeddable":true,"href":"https:\/\/2horizontes.com\/index.php?rest_route=%2Fwp%2Fv2%2Fcomments&post=40151"}],"version-history":[{"count":2,"href":"https:\/\/2horizontes.com\/index.php?rest_route=\/wp\/v2\/posts\/40151\/revisions"}],"predecessor-version":[{"id":40154,"href":"https:\/\/2horizontes.com\/index.php?rest_route=\/wp\/v2\/posts\/40151\/revisions\/40154"}],"wp:featuredmedia":[{"embeddable":true,"href":"https:\/\/2horizontes.com\/index.php?rest_route=\/wp\/v2\/media\/40152"}],"wp:attachment":[{"href":"https:\/\/2horizontes.com\/index.php?rest_route=%2Fwp%2Fv2%2Fmedia&parent=40151"}],"wp:term":[{"taxonomy":"category","embeddable":true,"href":"https:\/\/2horizontes.com\/index.php?rest_route=%2Fwp%2Fv2%2Fcategories&post=40151"},{"taxonomy":"post_tag","embeddable":true,"href":"https:\/\/2horizontes.com\/index.php?rest_route=%2Fwp%2Fv2%2Ftags&post=40151"}],"curies":[{"name":"wp","href":"https:\/\/api.w.org\/{rel}","templated":true}]}}