{"id":40142,"date":"2016-01-28T10:08:31","date_gmt":"2016-01-28T09:08:31","guid":{"rendered":"http:\/\/2horizontes.com\/?p=40142"},"modified":"2016-01-28T10:08:31","modified_gmt":"2016-01-28T09:08:31","slug":"el-papa-dice-que-dios-es-lo-contrario-de-quienes-actuan-siempre-para-matar","status":"publish","type":"post","link":"https:\/\/2horizontes.com\/?p=40142","title":{"rendered":"El papa dice que Dios es lo contrario de quienes act\u00faan siempre para matar"},"content":{"rendered":"<div id=\"ArticleAuthorDiv\" class=\"article-body-author\"><b>EFE<\/b><\/div>\n<div id=\"ArticleSourceDiv\" class=\"article-body-author\"><b>Ciudad del Vaticano<\/b><\/div>\n<div id=\"ArticleBody\">\n<p>El papa Francisco dijo que Dios \u00abes todo lo contrario de las obras de aquellos que act\u00faan siempre para matar, por ejemplo aquellos que hacen las guerras\u00bb, en su catequesis de hoy durante la audiencia general celebrada en la Plaza de San Pedro.<\/p>\n<p>Francisco continu\u00f3 con sus reflexiones sobre la \u00abmisericordia\u00bb, el tema del Jubileo extraordinario que comenz\u00f3 el pasado 8 de diciembre, y tras hablar del libro del \u00c9xodo del pueblo de Israel afirm\u00f3 que \u00abla misericordia de Dios no es indiferente al dolor del oprimido, al grito de quien sufre violencia, esclavitud, o es condenado a muerte\u00bb.<\/p>\n<p>\u00abEl sufrimiento es una triste realidad que aflige a toda \u00e9poca, tambi\u00e9n a la nuestra. Nos hace sentir impotentes y tentados a endurecer el coraz\u00f3n. Dios, en cambio, no es indiferente, no abandona, sino que act\u00faa y salva\u00bb, agreg\u00f3.<\/p>\n<p>Francisco tambi\u00e9n invit\u00f3 a todos durante este A\u00f1o Santo a ser \u00abmediadores de misericordia y dar alivio, acercar y unir, porque se pueden hacer tantas cosas buenas\u00bb.<\/p>\n<p>El pont\u00edfice tambi\u00e9n asisti\u00f3 durante la audiencia a un breve espect\u00e1culo de un circo que visita en estos d\u00edas la ciudad de Roma y a ellos les dijo que \u00abproducen belleza\u00bb y que \u00abla belleza se acerca a Dios\u00bb.<\/p>\n<p>\u00abCu\u00e1ntas horas de entrenamiento para este espect\u00e1culo de belleza\u00bb, exclam\u00f3 el papa, que les anim\u00f3 a seguir adelante.<\/p>\n<\/div>\n","protected":false},"excerpt":{"rendered":"<p>EFE Ciudad del Vaticano El papa Francisco dijo que Dios \u00abes todo lo contrario de las obras de aquellos que act\u00faan siempre para matar, por ejemplo aquellos que hacen las guerras\u00bb, en su catequesis de hoy durante la audiencia general celebrada en la Plaza de San Pedro. Francisco continu\u00f3 con sus reflexiones sobre la \u00abmisericordia\u00bb, [&hellip;]<\/p>\n","protected":false},"author":7,"featured_media":40143,"comment_status":"open","ping_status":"open","sticky":false,"template":"","format":"standard","meta":{"footnotes":""},"categories":[86,40],"tags":[],"class_list":["post-40142","post","type-post","status-publish","format-standard","has-post-thumbnail","hentry","category-europa","category-internacionales"],"_links":{"self":[{"href":"https:\/\/2horizontes.com\/index.php?rest_route=\/wp\/v2\/posts\/40142","targetHints":{"allow":["GET"]}}],"collection":[{"href":"https:\/\/2horizontes.com\/index.php?rest_route=\/wp\/v2\/posts"}],"about":[{"href":"https:\/\/2horizontes.com\/index.php?rest_route=\/wp\/v2\/types\/post"}],"author":[{"embeddable":true,"href":"https:\/\/2horizontes.com\/index.php?rest_route=\/wp\/v2\/users\/7"}],"replies":[{"embeddable":true,"href":"https:\/\/2horizontes.com\/index.php?rest_route=%2Fwp%2Fv2%2Fcomments&post=40142"}],"version-history":[{"count":1,"href":"https:\/\/2horizontes.com\/index.php?rest_route=\/wp\/v2\/posts\/40142\/revisions"}],"predecessor-version":[{"id":40144,"href":"https:\/\/2horizontes.com\/index.php?rest_route=\/wp\/v2\/posts\/40142\/revisions\/40144"}],"wp:featuredmedia":[{"embeddable":true,"href":"https:\/\/2horizontes.com\/index.php?rest_route=\/wp\/v2\/media\/40143"}],"wp:attachment":[{"href":"https:\/\/2horizontes.com\/index.php?rest_route=%2Fwp%2Fv2%2Fmedia&parent=40142"}],"wp:term":[{"taxonomy":"category","embeddable":true,"href":"https:\/\/2horizontes.com\/index.php?rest_route=%2Fwp%2Fv2%2Fcategories&post=40142"},{"taxonomy":"post_tag","embeddable":true,"href":"https:\/\/2horizontes.com\/index.php?rest_route=%2Fwp%2Fv2%2Ftags&post=40142"}],"curies":[{"name":"wp","href":"https:\/\/api.w.org\/{rel}","templated":true}]}}