{"id":40138,"date":"2016-01-28T10:00:33","date_gmt":"2016-01-28T09:00:33","guid":{"rendered":"http:\/\/2horizontes.com\/?p=40138"},"modified":"2016-01-28T10:00:33","modified_gmt":"2016-01-28T09:00:33","slug":"supervisaran-fin-de-conflicto-en-colombia","status":"publish","type":"post","link":"https:\/\/2horizontes.com\/?p=40138","title":{"rendered":"Supervisar\u00e1n fin de conflicto en Colombia"},"content":{"rendered":"<div id=\"ArticleAuthorDiv\" class=\"article-body-author\"><b>AFP<\/b><\/div>\n<div id=\"ArticleSourceDiv\" class=\"article-body-author\"><b>Quito<\/b><\/div>\n<div id=\"ArticleBody\">\n<p>La Comunidad de Estados Latinoamericanos y Caribe\u00f1os (CELAC) arranc\u00f3 ayer mi\u00e9rcoles en Quito su IV cumbre \u201ccon toda la capacidad\u201d para apoyar la supervisi\u00f3n del fin del conflicto armado en Colombia. \u201cEntregamos una CELAC con toda la capacidad de apoyar la verificaci\u00f3n del acuerdo de cese al fuego y dejaci\u00f3n de armas en Colombia\u201d, se\u00f1al\u00f3 el anfitri\u00f3n, el presidente ecuatoriano Rafael Correa al inaugurar la cita regional.<\/p>\n<p>Aunque no figura en la agenda oficial, a petici\u00f3n de Colombia se tratar\u00e1 en la cumbre la creaci\u00f3n de una misi\u00f3n de la ONU y representantes de la CELAC que verificar\u00e1 el inminente desarme de la guerrilla colombiana FARC y el cese al fuego bilateral, en el marco de un proceso de paz para acabar con una conflagraci\u00f3n interna de m\u00e1s de medio siglo.<\/p>\n<p>Correa record\u00f3 a mandatarios y representantes de los 33 pa\u00edses del bloque que Am\u00e9rica Latina y el Caribe fueron declaradas \u201czona de paz\u201d en la II cumbre de este foro, que tuvo lugar en La Habana, sede desde noviembre de 2012 de las negociaciones entre el gobierno colombiano y las Fuerzas Armadas Revolucionarias de Colombia (FARC).<\/p>\n<p>\u201cApoyamos con todo nuestro coraz\u00f3n al presidente Juan Manuel Santos en la b\u00fasqueda de la paz definitiva para Colombia\u201d, expres\u00f3 el jefe de Estado ecuatoriano, sin dar m\u00e1s detalles sobre el papel del foro regional. El Consejo de Seguridad de la ONU adopt\u00f3 el lunes una resoluci\u00f3n que establece, entre otros puntos, el env\u00edo de una \u201cmisi\u00f3n pol\u00edtica\u201d &#8211; integrada por observadores internacionales desarmados- por un periodo de un a\u00f1o para participar en un \u201cmecanismo tripartito\u201d para \u201cvigilar y verificar el cese bilateral y definitivo del fuego y de las hostilidades\u201d en Colombia.<\/p>\n<p>Jeffrey Feltman, secretario general adjunto de Asuntos Pol\u00edticos de la ONU, anunci\u00f3 su presencia en la cumbre para discutir una eventual participaci\u00f3n en el mecanismo de la Celac, organismo que no integran Estados Unidos ni Canad\u00e1.<\/p>\n<\/div>\n","protected":false},"excerpt":{"rendered":"<p>AFP Quito La Comunidad de Estados Latinoamericanos y Caribe\u00f1os (CELAC) arranc\u00f3 ayer mi\u00e9rcoles en Quito su IV cumbre \u201ccon toda la capacidad\u201d para apoyar la supervisi\u00f3n del fin del conflicto armado en Colombia. \u201cEntregamos una CELAC con toda la capacidad de apoyar la verificaci\u00f3n del acuerdo de cese al fuego y dejaci\u00f3n de armas en [&hellip;]<\/p>\n","protected":false},"author":7,"featured_media":40139,"comment_status":"open","ping_status":"open","sticky":false,"template":"","format":"standard","meta":{"footnotes":""},"categories":[50,40,43],"tags":[],"class_list":["post-40138","post","type-post","status-publish","format-standard","has-post-thumbnail","hentry","category-colombia","category-internacionales","category-politica"],"_links":{"self":[{"href":"https:\/\/2horizontes.com\/index.php?rest_route=\/wp\/v2\/posts\/40138","targetHints":{"allow":["GET"]}}],"collection":[{"href":"https:\/\/2horizontes.com\/index.php?rest_route=\/wp\/v2\/posts"}],"about":[{"href":"https:\/\/2horizontes.com\/index.php?rest_route=\/wp\/v2\/types\/post"}],"author":[{"embeddable":true,"href":"https:\/\/2horizontes.com\/index.php?rest_route=\/wp\/v2\/users\/7"}],"replies":[{"embeddable":true,"href":"https:\/\/2horizontes.com\/index.php?rest_route=%2Fwp%2Fv2%2Fcomments&post=40138"}],"version-history":[{"count":2,"href":"https:\/\/2horizontes.com\/index.php?rest_route=\/wp\/v2\/posts\/40138\/revisions"}],"predecessor-version":[{"id":40141,"href":"https:\/\/2horizontes.com\/index.php?rest_route=\/wp\/v2\/posts\/40138\/revisions\/40141"}],"wp:featuredmedia":[{"embeddable":true,"href":"https:\/\/2horizontes.com\/index.php?rest_route=\/wp\/v2\/media\/40139"}],"wp:attachment":[{"href":"https:\/\/2horizontes.com\/index.php?rest_route=%2Fwp%2Fv2%2Fmedia&parent=40138"}],"wp:term":[{"taxonomy":"category","embeddable":true,"href":"https:\/\/2horizontes.com\/index.php?rest_route=%2Fwp%2Fv2%2Fcategories&post=40138"},{"taxonomy":"post_tag","embeddable":true,"href":"https:\/\/2horizontes.com\/index.php?rest_route=%2Fwp%2Fv2%2Ftags&post=40138"}],"curies":[{"name":"wp","href":"https:\/\/api.w.org\/{rel}","templated":true}]}}