{"id":40126,"date":"2016-01-28T09:10:12","date_gmt":"2016-01-28T08:10:12","guid":{"rendered":"http:\/\/2horizontes.com\/?p=40126"},"modified":"2016-01-28T09:10:12","modified_gmt":"2016-01-28T08:10:12","slug":"dimite-jefa-de-justicia-francensa","status":"publish","type":"post","link":"https:\/\/2horizontes.com\/?p=40126","title":{"rendered":"Dimite jefa de Justicia francensa"},"content":{"rendered":"<div id=\"ArticleAuthorDiv\" class=\"article-body-author\"><b>EFE<\/b><\/div>\n<div id=\"ArticleSourceDiv\" class=\"article-body-author\"><b>Par\u00eds<\/b><\/div>\n<div id=\"ArticleBody\">\n<p>La ministra francesa de Justicia, Christiane Taubira, la voz m\u00e1s progresista y rebelde del Ejecutivo socialista, dimiti\u00f3 ayer por sus discrepancias con la pol\u00edtica antiterrorista del presidente, Fran\u00e7ois Hollande, que prev\u00e9 retirar la nacionalidad a los condenados por terrorismo.<\/p>\n<p>Su oposici\u00f3n a esa medida qued\u00f3 patente a mediados de diciembre, un d\u00eda antes de que el Gobierno la presentara en el consejo de ministros, y desde entonces su mantenimiento en el cargo hab\u00eda quedado en entredicho.<\/p>\n<p>El proyecto fue lanzado por el presidente Hollande tras los atentados yihadistas que el pasado 13 de noviembre mataron en Par\u00eds y en la perif\u00e9rica Saint Denis a 130 personas e hirieron a otras 350, pero Taubira no la ve\u00eda eficaz en la lucha antiterrorista, y as\u00ed lo hab\u00eda expuesto p\u00fablicamente.<\/p>\n<p>\u201cA veces resistir es quedarse y a veces resistir es partir\u201d, dijo la hasta ayer ministra en su cuenta de Twitter, en su primera reacci\u00f3n a su retirada, con el lirismo y la fuerza caracter\u00edstica de su oratoria. Horas despu\u00e9s, en una comparecencia ante la prensa, admiti\u00f3 que se marcha por un \u201cdesacuerdo pol\u00edtico importante\u201d y advirti\u00f3 de que aunque \u201cel peligro terrorista que amenaza (al pa\u00eds) es grave\u201d, no se le debe \u201cconceder ninguna victoria, ni militar, ni diplom\u00e1tica, ni pol\u00edtica, ni simb\u00f3lica\u201d.<\/p>\n<p>Su dimisi\u00f3n, que coincide con la presentaci\u00f3n de la revisi\u00f3n constitucional en la comisi\u00f3n de leyes de la Asamblea Nacional, fue aceptada por la necesidad de que haya, seg\u00fan Hollande, una \u201ccoherencia colectiva\u201d en la acci\u00f3n del Ejecutivo.<\/p>\n<p>Nacida en la Guayana en febrero de 1952, Taubira hab\u00eda destacado antes de su paso por el El\u00edseo por su candidatura presidencial en 2002 bajo el paraguas del Partido Radical de Izquierda, con el que acapar\u00f3 el 2,3 2% de los votos.<\/p>\n<\/div>\n","protected":false},"excerpt":{"rendered":"<p>EFE Par\u00eds La ministra francesa de Justicia, Christiane Taubira, la voz m\u00e1s progresista y rebelde del Ejecutivo socialista, dimiti\u00f3 ayer por sus discrepancias con la pol\u00edtica antiterrorista del presidente, Fran\u00e7ois Hollande, que prev\u00e9 retirar la nacionalidad a los condenados por terrorismo. Su oposici\u00f3n a esa medida qued\u00f3 patente a mediados de diciembre, un d\u00eda antes [&hellip;]<\/p>\n","protected":false},"author":7,"featured_media":40127,"comment_status":"open","ping_status":"open","sticky":false,"template":"","format":"standard","meta":{"footnotes":""},"categories":[86,40,43],"tags":[],"class_list":["post-40126","post","type-post","status-publish","format-standard","has-post-thumbnail","hentry","category-europa","category-internacionales","category-politica"],"_links":{"self":[{"href":"https:\/\/2horizontes.com\/index.php?rest_route=\/wp\/v2\/posts\/40126","targetHints":{"allow":["GET"]}}],"collection":[{"href":"https:\/\/2horizontes.com\/index.php?rest_route=\/wp\/v2\/posts"}],"about":[{"href":"https:\/\/2horizontes.com\/index.php?rest_route=\/wp\/v2\/types\/post"}],"author":[{"embeddable":true,"href":"https:\/\/2horizontes.com\/index.php?rest_route=\/wp\/v2\/users\/7"}],"replies":[{"embeddable":true,"href":"https:\/\/2horizontes.com\/index.php?rest_route=%2Fwp%2Fv2%2Fcomments&post=40126"}],"version-history":[{"count":1,"href":"https:\/\/2horizontes.com\/index.php?rest_route=\/wp\/v2\/posts\/40126\/revisions"}],"predecessor-version":[{"id":40128,"href":"https:\/\/2horizontes.com\/index.php?rest_route=\/wp\/v2\/posts\/40126\/revisions\/40128"}],"wp:featuredmedia":[{"embeddable":true,"href":"https:\/\/2horizontes.com\/index.php?rest_route=\/wp\/v2\/media\/40127"}],"wp:attachment":[{"href":"https:\/\/2horizontes.com\/index.php?rest_route=%2Fwp%2Fv2%2Fmedia&parent=40126"}],"wp:term":[{"taxonomy":"category","embeddable":true,"href":"https:\/\/2horizontes.com\/index.php?rest_route=%2Fwp%2Fv2%2Fcategories&post=40126"},{"taxonomy":"post_tag","embeddable":true,"href":"https:\/\/2horizontes.com\/index.php?rest_route=%2Fwp%2Fv2%2Ftags&post=40126"}],"curies":[{"name":"wp","href":"https:\/\/api.w.org\/{rel}","templated":true}]}}