{"id":40094,"date":"2016-01-27T22:50:49","date_gmt":"2016-01-27T21:50:49","guid":{"rendered":"http:\/\/2horizontes.com\/?p=40094"},"modified":"2016-01-27T22:50:49","modified_gmt":"2016-01-27T21:50:49","slug":"rd-se-compromete-con-el-desarrollo-regional-ecuardor","status":"publish","type":"post","link":"https:\/\/2horizontes.com\/?p=40094","title":{"rendered":"RD se compromete con el desarrollo regional ecuardor"},"content":{"rendered":"<p>QUITO, ECUADOR- El gobierno de Rep\u00fablica Dominicana se empe\u00f1ar\u00e1 a fondo en favor del proceso de desarrollo que impulsa la Comunidad de Estados Latinoamericanos y Caribe\u00f1os (Celac) durante la presidencia de turno de ese organismo, que asumir\u00e1 este mi\u00e9rcoles, expres\u00f3 el canciller de ese pa\u00eds, Andr\u00e9s Navarro.<\/p>\n<p>El ministro agradeci\u00f3 \u201cla confianza que cada uno de los pa\u00edses miembros ha depositado\u201d en su pa\u00eds para que asuma la presidencia del bloque, formado por 33 pa\u00edses, inform\u00f3 en un comunicado el ministerio de Relaciones Exteriores dominicano.<\/p>\n<p>Navarro hizo estas declaraciones con motivo de su participaci\u00f3n en la IX reuni\u00f3n de cancilleres de la Celac, previa a la IV Cumbre de jefes de Estado del bloque, que se celebrar\u00e1 este mi\u00e9rcoles en Quito.<\/p>\n<p>\u201cTengan la seguridad de que haremos lo m\u00e1ximo para llenar las expectativas y estar a la altura de esta comunidad durante nuestra presidencia pro tempore\u201d, asever\u00f3 al comentar el trabajo de planificaci\u00f3n desarrollado ante esta responsabilidad, que consider\u00f3 \u201cun compromiso de naci\u00f3n con car\u00e1cter integral\u201d.<\/p>\n<p>Acerca de la agenda que impulsar\u00e1 Rep\u00fablica Dominicana bajo la presidencia de turno encabezada por su gobernante, Danilo Medina, la canciller\u00eda del pa\u00eds caribe\u00f1o destac\u00f3 los temas relativos a la integraci\u00f3n y la unidad regional, educaci\u00f3n, erradicaci\u00f3n de la pobreza, cambio clim\u00e1tico y desarrollo sostenible.<\/p>\n<p>En la antesala de la cumbre, los cancilleres iniciaron las sesiones de trabajo con un llamamiento al fortalecimiento de la unidad, la soberan\u00eda y la lucha contra la pobreza.<\/p>\n<p>El ministro ecuatoriano, Ricardo Pati\u00f1o, abri\u00f3 la cita instando a los dem\u00e1s cancilleres a que la regi\u00f3n pueda crear su propia arquitectura financiera para que el ahorro sufrague proyectos de desarrollo propios y no los de pa\u00edses con mejores condiciones econ\u00f3micas.<\/p>\n<p>Los ministros de Relaciones Exteriores trabajan hoy en el proyecto de agenda de la cumbre, discuten varios documentos para poner a consideraci\u00f3n de los mandatarios, analizan la Declaraci\u00f3n de Quito (documento final de la reuni\u00f3n), el plan de acci\u00f3n de Celac para 2016 y otras declaraciones especiales.<\/p>\n<p>La Celac est\u00e1 integrada por Antigua y Barbuda, Argentina, Bahamas, Barbados, Belice, Bolivia, Brasil, Chile, Colombia, Costa Rica, Cuba, Rep\u00fablica Dominicana, Dominica, Ecuador y El Salvador.<\/p>\n<p>Adem\u00e1s de Granada, Guatemala, Guyana, Hait\u00ed, Honduras, Jamaica, M\u00e9xico, Nicaragua, Panam\u00e1, Paraguay, Per\u00fa, Santa Luc\u00eda, San Crist\u00f3bal y Nieves, San Vicente y las Granadinas, Surinam, Trinidad y Tobago, Uruguay y Venezuela.<\/p>\n","protected":false},"excerpt":{"rendered":"<p>QUITO, ECUADOR- El gobierno de Rep\u00fablica Dominicana se empe\u00f1ar\u00e1 a fondo en favor del proceso de desarrollo que impulsa la Comunidad de Estados Latinoamericanos y Caribe\u00f1os (Celac) durante la presidencia de turno de ese organismo, que asumir\u00e1 este mi\u00e9rcoles, expres\u00f3 el canciller de ese pa\u00eds, Andr\u00e9s Navarro. El ministro agradeci\u00f3 \u201cla confianza que cada uno [&hellip;]<\/p>\n","protected":false},"author":8,"featured_media":15010,"comment_status":"open","ping_status":"open","sticky":false,"template":"","format":"standard","meta":{"footnotes":""},"categories":[40,44],"tags":[],"class_list":["post-40094","post","type-post","status-publish","format-standard","has-post-thumbnail","hentry","category-internacionales","category-republica-dominicana"],"_links":{"self":[{"href":"https:\/\/2horizontes.com\/index.php?rest_route=\/wp\/v2\/posts\/40094","targetHints":{"allow":["GET"]}}],"collection":[{"href":"https:\/\/2horizontes.com\/index.php?rest_route=\/wp\/v2\/posts"}],"about":[{"href":"https:\/\/2horizontes.com\/index.php?rest_route=\/wp\/v2\/types\/post"}],"author":[{"embeddable":true,"href":"https:\/\/2horizontes.com\/index.php?rest_route=\/wp\/v2\/users\/8"}],"replies":[{"embeddable":true,"href":"https:\/\/2horizontes.com\/index.php?rest_route=%2Fwp%2Fv2%2Fcomments&post=40094"}],"version-history":[{"count":1,"href":"https:\/\/2horizontes.com\/index.php?rest_route=\/wp\/v2\/posts\/40094\/revisions"}],"predecessor-version":[{"id":40095,"href":"https:\/\/2horizontes.com\/index.php?rest_route=\/wp\/v2\/posts\/40094\/revisions\/40095"}],"wp:featuredmedia":[{"embeddable":true,"href":"https:\/\/2horizontes.com\/index.php?rest_route=\/wp\/v2\/media\/15010"}],"wp:attachment":[{"href":"https:\/\/2horizontes.com\/index.php?rest_route=%2Fwp%2Fv2%2Fmedia&parent=40094"}],"wp:term":[{"taxonomy":"category","embeddable":true,"href":"https:\/\/2horizontes.com\/index.php?rest_route=%2Fwp%2Fv2%2Fcategories&post=40094"},{"taxonomy":"post_tag","embeddable":true,"href":"https:\/\/2horizontes.com\/index.php?rest_route=%2Fwp%2Fv2%2Ftags&post=40094"}],"curies":[{"name":"wp","href":"https:\/\/api.w.org\/{rel}","templated":true}]}}