{"id":40091,"date":"2016-01-27T22:47:09","date_gmt":"2016-01-27T21:47:09","guid":{"rendered":"http:\/\/2horizontes.com\/?p=40091"},"modified":"2016-01-27T22:47:09","modified_gmt":"2016-01-27T21:47:09","slug":"apresan-3-mulas-extranjeras-entre-ellas-una-menor-rd","status":"publish","type":"post","link":"https:\/\/2horizontes.com\/?p=40091","title":{"rendered":"Apresan 3 mulas extranjeras, entre ellas una menor RD"},"content":{"rendered":"<p class=\"DETALLE_N_titulo \"><span id=\"ctl14_lblMostra\">RD-SANTO DOMINGO (EFE).- La Direcci\u00f3n Nacional de Control de Drogas (DNCD) apres\u00f3 en el aeropuerto de Punta Cana a una \u201cmula\u201d de nacionalidad griega y otra italiana, esta \u00faltima de 16 a\u00f1os, as\u00ed como una tercera, peruana, cuando las dos primeras se dispon\u00edan a salir y la tercera llegaba, en vuelos separados, con un total de 18 l\u00e1minas presumiblemente de coca\u00edna o hero\u00edna escondidas en sus equipajes.<\/span><\/p>\n<p>La imputada de nacionalidad griega, de 47 a\u00f1os, llevaba seis l\u00e1minas de la droga, con un peso preliminar de 3.790 kilos, escondidas en dos carteras de doble fondo en el interior de su maleta de viaje, inform\u00f3 hoy la DNCD.<\/p>\n<p>De su lado, la adolescente de nacionalidad italiana pretend\u00eda viajar con dos l\u00e1minas similares ocultas en el doble fondo de su equipaje de mano.<\/p>\n<p>Las imputadas, que ser\u00e1n identificadas por el Ministerio P\u00fablico de la provincia La Altagracia, presuntamente iban a viajar en los vuelos n\u00fameros 404 y 602, respectivamente, de la aerol\u00ednea Jet Airfly, con destino a Bruselas (B\u00e9lgica).<\/p>\n<p>Las dos europeas fueron descubiertas cuando estaban en el \u00e1rea de Migraci\u00f3n del aeropuerto y presentaban un perfil sospechoso a narcotr\u00e1fico internacional, situaci\u00f3n que llam\u00f3 la atenci\u00f3n de los oficiales de la DNCD destacados en el lugar, quienes procedieron a requisarlas en presencia de un representante del Ministerio P\u00fablico.<\/p>\n<p>Mientras, la ciudadana peruana, de 25 a\u00f1os, lleg\u00f3 al aeropuerto de Punta Cana en el vuelo 2594, de la l\u00ednea a\u00e9rea Lan Per\u00fa, procedente de Lima (Per\u00fa), y al ser requisada se le encontraron diez l\u00e1minas ocultas en cinco pantalones dentro de su maletas.<\/p>\n","protected":false},"excerpt":{"rendered":"<p>RD-SANTO DOMINGO (EFE).- La Direcci\u00f3n Nacional de Control de Drogas (DNCD) apres\u00f3 en el aeropuerto de Punta Cana a una \u201cmula\u201d de nacionalidad griega y otra italiana, esta \u00faltima de 16 a\u00f1os, as\u00ed como una tercera, peruana, cuando las dos primeras se dispon\u00edan a salir y la tercera llegaba, en vuelos separados, con un total [&hellip;]<\/p>\n","protected":false},"author":8,"featured_media":40092,"comment_status":"open","ping_status":"open","sticky":false,"template":"","format":"standard","meta":{"footnotes":""},"categories":[54,53,44],"tags":[],"class_list":["post-40091","post","type-post","status-publish","format-standard","has-post-thumbnail","hentry","category-emigrantes","category-provincias","category-republica-dominicana"],"_links":{"self":[{"href":"https:\/\/2horizontes.com\/index.php?rest_route=\/wp\/v2\/posts\/40091","targetHints":{"allow":["GET"]}}],"collection":[{"href":"https:\/\/2horizontes.com\/index.php?rest_route=\/wp\/v2\/posts"}],"about":[{"href":"https:\/\/2horizontes.com\/index.php?rest_route=\/wp\/v2\/types\/post"}],"author":[{"embeddable":true,"href":"https:\/\/2horizontes.com\/index.php?rest_route=\/wp\/v2\/users\/8"}],"replies":[{"embeddable":true,"href":"https:\/\/2horizontes.com\/index.php?rest_route=%2Fwp%2Fv2%2Fcomments&post=40091"}],"version-history":[{"count":1,"href":"https:\/\/2horizontes.com\/index.php?rest_route=\/wp\/v2\/posts\/40091\/revisions"}],"predecessor-version":[{"id":40093,"href":"https:\/\/2horizontes.com\/index.php?rest_route=\/wp\/v2\/posts\/40091\/revisions\/40093"}],"wp:featuredmedia":[{"embeddable":true,"href":"https:\/\/2horizontes.com\/index.php?rest_route=\/wp\/v2\/media\/40092"}],"wp:attachment":[{"href":"https:\/\/2horizontes.com\/index.php?rest_route=%2Fwp%2Fv2%2Fmedia&parent=40091"}],"wp:term":[{"taxonomy":"category","embeddable":true,"href":"https:\/\/2horizontes.com\/index.php?rest_route=%2Fwp%2Fv2%2Fcategories&post=40091"},{"taxonomy":"post_tag","embeddable":true,"href":"https:\/\/2horizontes.com\/index.php?rest_route=%2Fwp%2Fv2%2Ftags&post=40091"}],"curies":[{"name":"wp","href":"https:\/\/api.w.org\/{rel}","templated":true}]}}