{"id":40058,"date":"2016-01-27T19:44:43","date_gmt":"2016-01-27T18:44:43","guid":{"rendered":"http:\/\/2horizontes.com\/?p=40058"},"modified":"2016-01-27T19:44:43","modified_gmt":"2016-01-27T18:44:43","slug":"detenidos-dos-vecinos-de-lleida-por-robos-en-explotaciones-truferas-de-teruel","status":"publish","type":"post","link":"https:\/\/2horizontes.com\/?p=40058","title":{"rendered":"Detenidos dos vecinos de Lleida por robos en explotaciones truferas de Teruel"},"content":{"rendered":"<p>La Guardia Civil ha detenido a dos hombres de 66 y 37 a\u00f1os, vecinos de la provincia de Lleida, como supuestos responsables de al menos trece robos en explotaciones truferas, sobre todo de Teruel, aunque tambi\u00e9n otros, cuyo n\u00famero no se ha precisado, de Soria y Burgos.<\/p>\n<p>El Instituto Armado ha informado hoy de que la mayor parte de los robos se produjeron en las zona de Sarri\u00f3n y Albentosa (Teruel), de donde se llevaron cien kilos de trufa negra, con un valor en el mercado de 46.320 euros.<\/p>\n<p>Tras las primeras sustracciones, registradas en la provincia de Teruel a finales de octubre de 2015, se inici\u00f3 una investigaci\u00f3n por parte de la Unidad Org\u00e1nica de Polic\u00eda Judicial de la Comandancia de Teruel denominada Operaci\u00f3n Melanosporum.<\/p>\n<p>Esta operaci\u00f3n ha permitido la detenci\u00f3n de dos personas por robos con fuerza en las cosas que estaban creando gran alarma social entre los truficultores de la zona, no s\u00f3lo por la sustracci\u00f3n del producto, sino por los destrozos ocasionados en los terrenos y fincas truferas, as\u00ed como el grave perjuicio econ\u00f3mico ocasionado para el sector en la zona de Albentosa y Sarri\u00f3n.<\/p>\n","protected":false},"excerpt":{"rendered":"<p>La Guardia Civil ha detenido a dos hombres de 66 y 37 a\u00f1os, vecinos de la provincia de Lleida, como supuestos responsables de al menos trece robos en explotaciones truferas, sobre todo de Teruel, aunque tambi\u00e9n otros, cuyo n\u00famero no se ha precisado, de Soria y Burgos. El Instituto Armado ha informado hoy de que [&hellip;]<\/p>\n","protected":false},"author":3,"featured_media":40060,"comment_status":"open","ping_status":"open","sticky":false,"template":"","format":"standard","meta":{"footnotes":""},"categories":[85],"tags":[],"class_list":["post-40058","post","type-post","status-publish","format-standard","has-post-thumbnail","hentry","category-espana"],"_links":{"self":[{"href":"https:\/\/2horizontes.com\/index.php?rest_route=\/wp\/v2\/posts\/40058","targetHints":{"allow":["GET"]}}],"collection":[{"href":"https:\/\/2horizontes.com\/index.php?rest_route=\/wp\/v2\/posts"}],"about":[{"href":"https:\/\/2horizontes.com\/index.php?rest_route=\/wp\/v2\/types\/post"}],"author":[{"embeddable":true,"href":"https:\/\/2horizontes.com\/index.php?rest_route=\/wp\/v2\/users\/3"}],"replies":[{"embeddable":true,"href":"https:\/\/2horizontes.com\/index.php?rest_route=%2Fwp%2Fv2%2Fcomments&post=40058"}],"version-history":[{"count":1,"href":"https:\/\/2horizontes.com\/index.php?rest_route=\/wp\/v2\/posts\/40058\/revisions"}],"predecessor-version":[{"id":40061,"href":"https:\/\/2horizontes.com\/index.php?rest_route=\/wp\/v2\/posts\/40058\/revisions\/40061"}],"wp:featuredmedia":[{"embeddable":true,"href":"https:\/\/2horizontes.com\/index.php?rest_route=\/wp\/v2\/media\/40060"}],"wp:attachment":[{"href":"https:\/\/2horizontes.com\/index.php?rest_route=%2Fwp%2Fv2%2Fmedia&parent=40058"}],"wp:term":[{"taxonomy":"category","embeddable":true,"href":"https:\/\/2horizontes.com\/index.php?rest_route=%2Fwp%2Fv2%2Fcategories&post=40058"},{"taxonomy":"post_tag","embeddable":true,"href":"https:\/\/2horizontes.com\/index.php?rest_route=%2Fwp%2Fv2%2Ftags&post=40058"}],"curies":[{"name":"wp","href":"https:\/\/api.w.org\/{rel}","templated":true}]}}