{"id":40047,"date":"2016-01-27T19:28:20","date_gmt":"2016-01-27T18:28:20","guid":{"rendered":"http:\/\/2horizontes.com\/?p=40047"},"modified":"2016-01-27T19:28:20","modified_gmt":"2016-01-27T18:28:20","slug":"paro-medico-afecta-a-pacientes-de-hospitales-de-santiago-rd","status":"publish","type":"post","link":"https:\/\/2horizontes.com\/?p=40047","title":{"rendered":"Paro m\u00e9dico afecta a pacientes de hospitales de Santiago RD"},"content":{"rendered":"<p>RD- SASNTIAGO-El llamado a huelga en los hospitales p\u00fablicos en la regi\u00f3n norte, hecho por el Colegio M\u00e9dico Dominicano (CMD), ha impactado de manera negativa a los pacientes de los hospitales de la ciudad de Santiago.<\/p>\n<p>Personas que acuden al Hospital Jos\u00e9 Mar\u00eda Cabral y B\u00e1ez de Santiago dijeron sentirse doblemente afectados, en vista de los inconvenientes causados por la reconstrucci\u00f3n de ese centro y hoy sufren los efectos de la paralizaci\u00f3n\u00a0 por parte de los m\u00e9dicos.<\/p>\n<p>El portavoz del Hospital Jos\u00e9 Mar\u00eda Cabral y B\u00e1ez, Jhonny Lama, neg\u00f3 que la huelga afectara de manera dram\u00e1tica las labores de ese centro de salud.<\/p>\n<p>Dijo que se est\u00e1n desarrollando los trabajos dentro de la normalidad, versi\u00f3n que fue desmentida por algunos familiares de pacientes que acudieron al hospital desde tempranas horas de la ma\u00f1ana en busca de que fueran atendidos, cosa que no ocurri\u00f3.<\/p>\n<p>Daniel L\u00f3pez, de 62 a\u00f1os, dijo que vino desde Montecristi y que su cita fue movida para otro d\u00eda sin ofrecerle ninguna explicaci\u00f3n.<\/p>\n<p>La huelga tambi\u00e9n ha afectado las labores del Hospital Estrella Ure\u00f1a, el Hospital Infantil Arturo Grull\u00f3n y otros centros de atenci\u00f3n primaria de Santiago.<\/p>\n<p>El paro de labores es en demanda mejor\u00edas en el sistema de salud y los hospitales, un 5% del Producto Interno Bruto (PIB) para el sector salud, pensi\u00f3n digna, un reajuste salarial sustancial y el nombramiento de m\u00e1s personal en los hospitales.<\/p>\n","protected":false},"excerpt":{"rendered":"<p>RD- SASNTIAGO-El llamado a huelga en los hospitales p\u00fablicos en la regi\u00f3n norte, hecho por el Colegio M\u00e9dico Dominicano (CMD), ha impactado de manera negativa a los pacientes de los hospitales de la ciudad de Santiago. Personas que acuden al Hospital Jos\u00e9 Mar\u00eda Cabral y B\u00e1ez de Santiago dijeron sentirse doblemente afectados, en vista de [&hellip;]<\/p>\n","protected":false},"author":8,"featured_media":40048,"comment_status":"open","ping_status":"open","sticky":false,"template":"","format":"standard","meta":{"footnotes":""},"categories":[43,44,45],"tags":[],"class_list":["post-40047","post","type-post","status-publish","format-standard","has-post-thumbnail","hentry","category-politica","category-republica-dominicana","category-salud"],"_links":{"self":[{"href":"https:\/\/2horizontes.com\/index.php?rest_route=\/wp\/v2\/posts\/40047","targetHints":{"allow":["GET"]}}],"collection":[{"href":"https:\/\/2horizontes.com\/index.php?rest_route=\/wp\/v2\/posts"}],"about":[{"href":"https:\/\/2horizontes.com\/index.php?rest_route=\/wp\/v2\/types\/post"}],"author":[{"embeddable":true,"href":"https:\/\/2horizontes.com\/index.php?rest_route=\/wp\/v2\/users\/8"}],"replies":[{"embeddable":true,"href":"https:\/\/2horizontes.com\/index.php?rest_route=%2Fwp%2Fv2%2Fcomments&post=40047"}],"version-history":[{"count":1,"href":"https:\/\/2horizontes.com\/index.php?rest_route=\/wp\/v2\/posts\/40047\/revisions"}],"predecessor-version":[{"id":40049,"href":"https:\/\/2horizontes.com\/index.php?rest_route=\/wp\/v2\/posts\/40047\/revisions\/40049"}],"wp:featuredmedia":[{"embeddable":true,"href":"https:\/\/2horizontes.com\/index.php?rest_route=\/wp\/v2\/media\/40048"}],"wp:attachment":[{"href":"https:\/\/2horizontes.com\/index.php?rest_route=%2Fwp%2Fv2%2Fmedia&parent=40047"}],"wp:term":[{"taxonomy":"category","embeddable":true,"href":"https:\/\/2horizontes.com\/index.php?rest_route=%2Fwp%2Fv2%2Fcategories&post=40047"},{"taxonomy":"post_tag","embeddable":true,"href":"https:\/\/2horizontes.com\/index.php?rest_route=%2Fwp%2Fv2%2Ftags&post=40047"}],"curies":[{"name":"wp","href":"https:\/\/api.w.org\/{rel}","templated":true}]}}