{"id":40025,"date":"2016-01-26T17:14:34","date_gmt":"2016-01-26T16:14:34","guid":{"rendered":"http:\/\/2horizontes.com\/?p=40025"},"modified":"2016-01-26T17:14:34","modified_gmt":"2016-01-26T16:14:34","slug":"300-ciclistas-pedalean-35-km-por-el-patricio-rd","status":"publish","type":"post","link":"https:\/\/2horizontes.com\/?p=40025","title":{"rendered":"300 ciclistas pedalean 35 km por el Patricio RD"},"content":{"rendered":"<article class=\"contenidoArticulo\">\n<div class=\"cuerpoNoticia\">\n<p>RD- SANTO DOMINGO-Con motivo del natalicio de Juan Pablo Duarte un grupo conformado por m\u00e1s de 300 ciclistas realiz\u00f3 ayer un recorrido en bicicleta por los lugares relacionados a la figura del patricio.Los j\u00f3venes vestidos con los colores de la Bandera Nacional, iniciaron el recorrido en el Centro Ol\u00edmpico Juan Pablo Duarte, posteriormente llegaron al Parque Independencia y la Plaza de la Bandera y volvieron al punto de partida, donde realizaron varias actividades art\u00edsticas.<\/p>\n<p>Billy Neder, uno de los organizadores, dijo que la convocatoria se realiz\u00f3 a trav\u00e9s de las redes sociales.<\/p>\n<p>Entre los grupos de ciclistas que convocaron al recorrido en honor al padre de la patria figuran Traviesos MTB y Platanuses.<\/p>\n<p>Los ciclistas llamaban la atenci\u00f3n de las personas que transitaban a lo largo de la ruta establecida.<\/p>\n<\/div>\n<\/article>\n<p>&nbsp;<\/p>\n","protected":false},"excerpt":{"rendered":"<p>RD- SANTO DOMINGO-Con motivo del natalicio de Juan Pablo Duarte un grupo conformado por m\u00e1s de 300 ciclistas realiz\u00f3 ayer un recorrido en bicicleta por los lugares relacionados a la figura del patricio.Los j\u00f3venes vestidos con los colores de la Bandera Nacional, iniciaron el recorrido en el Centro Ol\u00edmpico Juan Pablo Duarte, posteriormente llegaron al [&hellip;]<\/p>\n","protected":false},"author":8,"featured_media":40026,"comment_status":"open","ping_status":"open","sticky":false,"template":"","format":"standard","meta":{"footnotes":""},"categories":[62,84,44],"tags":[],"class_list":["post-40025","post","type-post","status-publish","format-standard","has-post-thumbnail","hentry","category-cultura","category-otras-noticias","category-republica-dominicana"],"_links":{"self":[{"href":"https:\/\/2horizontes.com\/index.php?rest_route=\/wp\/v2\/posts\/40025","targetHints":{"allow":["GET"]}}],"collection":[{"href":"https:\/\/2horizontes.com\/index.php?rest_route=\/wp\/v2\/posts"}],"about":[{"href":"https:\/\/2horizontes.com\/index.php?rest_route=\/wp\/v2\/types\/post"}],"author":[{"embeddable":true,"href":"https:\/\/2horizontes.com\/index.php?rest_route=\/wp\/v2\/users\/8"}],"replies":[{"embeddable":true,"href":"https:\/\/2horizontes.com\/index.php?rest_route=%2Fwp%2Fv2%2Fcomments&post=40025"}],"version-history":[{"count":1,"href":"https:\/\/2horizontes.com\/index.php?rest_route=\/wp\/v2\/posts\/40025\/revisions"}],"predecessor-version":[{"id":40027,"href":"https:\/\/2horizontes.com\/index.php?rest_route=\/wp\/v2\/posts\/40025\/revisions\/40027"}],"wp:featuredmedia":[{"embeddable":true,"href":"https:\/\/2horizontes.com\/index.php?rest_route=\/wp\/v2\/media\/40026"}],"wp:attachment":[{"href":"https:\/\/2horizontes.com\/index.php?rest_route=%2Fwp%2Fv2%2Fmedia&parent=40025"}],"wp:term":[{"taxonomy":"category","embeddable":true,"href":"https:\/\/2horizontes.com\/index.php?rest_route=%2Fwp%2Fv2%2Fcategories&post=40025"},{"taxonomy":"post_tag","embeddable":true,"href":"https:\/\/2horizontes.com\/index.php?rest_route=%2Fwp%2Fv2%2Ftags&post=40025"}],"curies":[{"name":"wp","href":"https:\/\/api.w.org\/{rel}","templated":true}]}}