{"id":39974,"date":"2016-01-26T12:14:42","date_gmt":"2016-01-26T11:14:42","guid":{"rendered":"http:\/\/2horizontes.com\/?p=39974"},"modified":"2016-01-26T12:25:37","modified_gmt":"2016-01-26T11:25:37","slug":"un-hombre-con-un-arma-de-juguete-provoca-la-evacuacion-de-la-estacion-de-roma","status":"publish","type":"post","link":"https:\/\/2horizontes.com\/?p=39974","title":{"rendered":"Un hombre con un arma de juguete provoca la evacuaci\u00f3n de la estaci\u00f3n de Roma"},"content":{"rendered":"<div id=\"ArticleAuthorDiv\" class=\"article-body-author\"><b>EFE<\/b><\/div>\n<div id=\"ArticleSourceDiv\" class=\"article-body-author\"><b>Roma<\/b><\/div>\n<div id=\"ArticleBody\">\n<p>Un hombre con un fusil de juguete provoc\u00f3 la evacuaci\u00f3n de la estaci\u00f3n central de Roma, donde se activ\u00f3 la alarma antiterrorismo despu\u00e9s de que la polic\u00eda detectara la presencia de un sujeto supuestamente armado en su interior.<\/p>\n<p>La compa\u00f1\u00eda \u00abFerrovie dello Stato\u00bb (Ferrocarriles del Estado) anunci\u00f3 en Twitter el desalojo de la principal estaci\u00f3n de tren de la capital: \u00abAvistado por la Polic\u00eda ferroviaria un hombre armado en Termini. Evacuada la zona de andenes\u00bb.<\/p>\n<p>Los medios locales se\u00f1alaron que la alarma parti\u00f3 de la llamada de una mujer que advirti\u00f3 a la Polic\u00eda la presencia de un sujeto armado en la l\u00ednea B de la red suburbana de Roma.<\/p>\n<p>El diario \u00abLa Repubblica\u00bb public\u00f3 en su versi\u00f3n digital una imagen de la grabaci\u00f3n de las c\u00e1maras de seguridad en la que puede verse a un hombre con una chaqueta azul, una gorra blanca, una mochila y lo que parec\u00eda un fusil en la mano.<\/p>\n<p>En torno a las 18.00 GMT se activ\u00f3 el protocolo de prevenci\u00f3n de terrorismo por lo que las autoridades policiales procedieron a evacuar la estaci\u00f3n con el fin de buscar al sujeto en su interior.<\/p>\n<p>Una hora despu\u00e9s la estaci\u00f3n ferroviaria y de metro empez\u00f3 a recobrar la normalidad, ya que las autoridades no lograron hallar al sospechoso.<\/p>\n<p>Numerosos efectivos policiales se desplazaron entonces hacia el exterior de la estaci\u00f3n para proseguir con la b\u00fasqueda, por lo que establecieron varios controles y registraron los negocios de los aleda\u00f1os.<\/p>\n<p>Finalmente el sujeto que supuestamente aparec\u00eda en las im\u00e1genes fue localizado a bordo de un tren con direcci\u00f3n a la pr\u00f3xima ciudad de Anagni, en provincia de Frosinone, y los agentes de la polic\u00eda ferroviaria procedieron a su arresto, seg\u00fan los medios.<\/p>\n<p>Las mismas fuentes se\u00f1alaron que se trata de un var\u00f3n italiano de cuarenta a\u00f1os de edad, con problemas psicol\u00f3gicos y que portaba consigo un arma de juguete.<\/p>\n<p>El suceso se produjo adem\u00e1s en una jornada en la que la capital italiana mantiene un fuerte dispositivo de seguridad, debido a la visita del presidente de Ir\u00e1n, Hasan Rohan\u00ed, a la ciudad para emprender su primera gira europea tras el fin de las sanciones.<\/p>\n<\/div>\n","protected":false},"excerpt":{"rendered":"<p>EFE Roma Un hombre con un fusil de juguete provoc\u00f3 la evacuaci\u00f3n de la estaci\u00f3n central de Roma, donde se activ\u00f3 la alarma antiterrorismo despu\u00e9s de que la polic\u00eda detectara la presencia de un sujeto supuestamente armado en su interior. La compa\u00f1\u00eda \u00abFerrovie dello Stato\u00bb (Ferrocarriles del Estado) anunci\u00f3 en Twitter el desalojo de la [&hellip;]<\/p>\n","protected":false},"author":7,"featured_media":39984,"comment_status":"open","ping_status":"open","sticky":false,"template":"","format":"standard","meta":{"footnotes":""},"categories":[86,40],"tags":[],"class_list":["post-39974","post","type-post","status-publish","format-standard","has-post-thumbnail","hentry","category-europa","category-internacionales"],"_links":{"self":[{"href":"https:\/\/2horizontes.com\/index.php?rest_route=\/wp\/v2\/posts\/39974","targetHints":{"allow":["GET"]}}],"collection":[{"href":"https:\/\/2horizontes.com\/index.php?rest_route=\/wp\/v2\/posts"}],"about":[{"href":"https:\/\/2horizontes.com\/index.php?rest_route=\/wp\/v2\/types\/post"}],"author":[{"embeddable":true,"href":"https:\/\/2horizontes.com\/index.php?rest_route=\/wp\/v2\/users\/7"}],"replies":[{"embeddable":true,"href":"https:\/\/2horizontes.com\/index.php?rest_route=%2Fwp%2Fv2%2Fcomments&post=39974"}],"version-history":[{"count":1,"href":"https:\/\/2horizontes.com\/index.php?rest_route=\/wp\/v2\/posts\/39974\/revisions"}],"predecessor-version":[{"id":39976,"href":"https:\/\/2horizontes.com\/index.php?rest_route=\/wp\/v2\/posts\/39974\/revisions\/39976"}],"wp:featuredmedia":[{"embeddable":true,"href":"https:\/\/2horizontes.com\/index.php?rest_route=\/wp\/v2\/media\/39984"}],"wp:attachment":[{"href":"https:\/\/2horizontes.com\/index.php?rest_route=%2Fwp%2Fv2%2Fmedia&parent=39974"}],"wp:term":[{"taxonomy":"category","embeddable":true,"href":"https:\/\/2horizontes.com\/index.php?rest_route=%2Fwp%2Fv2%2Fcategories&post=39974"},{"taxonomy":"post_tag","embeddable":true,"href":"https:\/\/2horizontes.com\/index.php?rest_route=%2Fwp%2Fv2%2Ftags&post=39974"}],"curies":[{"name":"wp","href":"https:\/\/api.w.org\/{rel}","templated":true}]}}