{"id":39912,"date":"2016-01-25T19:10:02","date_gmt":"2016-01-25T18:10:02","guid":{"rendered":"http:\/\/2horizontes.com\/?p=39912"},"modified":"2016-01-25T19:10:02","modified_gmt":"2016-01-25T18:10:02","slug":"hieren-a-tiros-a-un-sindico-de-padre-las-casas-y-a-su-esposa-dentro-de-su-vivienda","status":"publish","type":"post","link":"https:\/\/2horizontes.com\/?p=39912","title":{"rendered":"Hieren a tiros a un s\u00edndico de Padre Las Casas y a su esposa dentro de su vivienda"},"content":{"rendered":"<p>RD- PADRE LAS CASAS-Un desconocido hiri\u00f3 en la cabeza al s\u00edndico del distrito municipal Los Fr\u00edos, en Padre Las Casas y a su esposa, cuando penetr\u00f3 a su residencia,\u00a0 inform\u00f3 este lunes la Polic\u00eda Nacional.<\/p>\n<p>De acuerdo con la instituci\u00f3n, Marino Delgado Lagares, de 57 a\u00f1os, presenta herida de bala en la cabeza, con hundimiento del hueso occipital, mientras su esposa, Confesora Delgado Vicente, de 44, presenta heridas leves por municiones \u00a0en distintas partes del cuerpo. La dama fue curada y despachada.<\/p>\n<p>Delgado Lagares fue trasladado a un hospital de la capital donde permanece estable, dentro de su condici\u00f3n. No se revel\u00f3 el nombre del centro donde est\u00e1.<\/p>\n<p>El hecho ocurri\u00f3 \u00a0aproximadamente a \u00a0las 9:00 de la noche del domingo en la residencia del ejecutivo municipal, en la calle principal de Los Fr\u00edos, donde viven adem\u00e1s otros miembros de su familia.<\/p>\n<p>Dolores Delgado Vicente, de 47 a\u00f1os, cu\u00f1ado del s\u00edndico de Los Fr\u00edos, inform\u00f3 a los investigadores de la Polic\u00eda, que se encontraba en la vivienda junto a su esposa y una hija cuando a la misma penetr\u00f3 un desconocido portando un arma de fuego.<\/p>\n<p>Relat\u00f3 que el desconocido hizo varios disparos hiriendo a Delgado Lagares en la cabeza,\u00a0 debido a lo cual fue llevado al centro m\u00e9dico San Juan de esa comunidad, de donde fue trasladado a un hospital.<\/p>\n<p>Hasta el momento no se ha reportado nada sustra\u00eddo.<\/p>\n<p>Por el caso seis \u00a0personas se encuentran detenidos bajo investigaci\u00f3n. La Polic\u00eda dijo que dar\u00e1 m\u00e1s detalles seg\u00fan avancen las investigaciones del caso.<\/p>\n<p>&nbsp;<\/p>\n","protected":false},"excerpt":{"rendered":"<p>RD- PADRE LAS CASAS-Un desconocido hiri\u00f3 en la cabeza al s\u00edndico del distrito municipal Los Fr\u00edos, en Padre Las Casas y a su esposa, cuando penetr\u00f3 a su residencia,\u00a0 inform\u00f3 este lunes la Polic\u00eda Nacional. De acuerdo con la instituci\u00f3n, Marino Delgado Lagares, de 57 a\u00f1os, presenta herida de bala en la cabeza, con hundimiento [&hellip;]<\/p>\n","protected":false},"author":8,"featured_media":39917,"comment_status":"open","ping_status":"open","sticky":false,"template":"","format":"standard","meta":{"footnotes":""},"categories":[53,44,45],"tags":[],"class_list":["post-39912","post","type-post","status-publish","format-standard","has-post-thumbnail","hentry","category-provincias","category-republica-dominicana","category-salud"],"_links":{"self":[{"href":"https:\/\/2horizontes.com\/index.php?rest_route=\/wp\/v2\/posts\/39912","targetHints":{"allow":["GET"]}}],"collection":[{"href":"https:\/\/2horizontes.com\/index.php?rest_route=\/wp\/v2\/posts"}],"about":[{"href":"https:\/\/2horizontes.com\/index.php?rest_route=\/wp\/v2\/types\/post"}],"author":[{"embeddable":true,"href":"https:\/\/2horizontes.com\/index.php?rest_route=\/wp\/v2\/users\/8"}],"replies":[{"embeddable":true,"href":"https:\/\/2horizontes.com\/index.php?rest_route=%2Fwp%2Fv2%2Fcomments&post=39912"}],"version-history":[{"count":1,"href":"https:\/\/2horizontes.com\/index.php?rest_route=\/wp\/v2\/posts\/39912\/revisions"}],"predecessor-version":[{"id":39918,"href":"https:\/\/2horizontes.com\/index.php?rest_route=\/wp\/v2\/posts\/39912\/revisions\/39918"}],"wp:featuredmedia":[{"embeddable":true,"href":"https:\/\/2horizontes.com\/index.php?rest_route=\/wp\/v2\/media\/39917"}],"wp:attachment":[{"href":"https:\/\/2horizontes.com\/index.php?rest_route=%2Fwp%2Fv2%2Fmedia&parent=39912"}],"wp:term":[{"taxonomy":"category","embeddable":true,"href":"https:\/\/2horizontes.com\/index.php?rest_route=%2Fwp%2Fv2%2Fcategories&post=39912"},{"taxonomy":"post_tag","embeddable":true,"href":"https:\/\/2horizontes.com\/index.php?rest_route=%2Fwp%2Fv2%2Ftags&post=39912"}],"curies":[{"name":"wp","href":"https:\/\/api.w.org\/{rel}","templated":true}]}}