{"id":39881,"date":"2016-01-25T09:03:20","date_gmt":"2016-01-25T08:03:20","guid":{"rendered":"http:\/\/2horizontes.com\/?p=39881"},"modified":"2016-01-25T09:03:20","modified_gmt":"2016-01-25T08:03:20","slug":"cifuentes-se-reune-con-los-padres-del-nino-que-se-arrojo-por-la-ventana-en-leganes","status":"publish","type":"post","link":"https:\/\/2horizontes.com\/?p=39881","title":{"rendered":"Cifuentes se re\u00fane con los padres del ni\u00f1o que se arroj\u00f3 por la ventana en Legan\u00e9s"},"content":{"rendered":"<p>La presidenta de la Comunidad de Madrid, Cristina Cifuentes, se reunir\u00e1 este lunes con los padres de Diego, el ni\u00f1o de Legan\u00e9s que se arroj\u00f3 por la ventana de su dormitorio y que dej\u00f3 una carta a sus padres explic\u00e1ndoles que no quer\u00eda ir al colegio.<\/p>\n<p>El suceso tuvo lugar el 14 de octubre, la Polic\u00eda descart\u00f3 que se tratara de un caso de acoso escolar y el Juzgado de Instrucci\u00f3n N\u00famero 1 de Legan\u00e9s archiv\u00f3 el caso. Por su parte, la Inspecci\u00f3n Educativa arroj\u00f3 un informe donde tambi\u00e9n descartaba que hubiera caso de acoso escolar.<\/p>\n<p>Sin embargo, esta misma semana el diario &#8216;El Mundo&#8217; public\u00f3 una misiva que el menor dej\u00f3 a sus padres en la que confesaba que \u00abno aguantaba\u00bb ir al colegio Nuestra Se\u00f1ora de los Angeles y con la que quer\u00edan reclamar que su caso no se cerrara.<\/p>\n","protected":false},"excerpt":{"rendered":"<p>La presidenta de la Comunidad de Madrid, Cristina Cifuentes, se reunir\u00e1 este lunes con los padres de Diego, el ni\u00f1o de Legan\u00e9s que se arroj\u00f3 por la ventana de su dormitorio y que dej\u00f3 una carta a sus padres explic\u00e1ndoles que no quer\u00eda ir al colegio. El suceso tuvo lugar el 14 de octubre, la [&hellip;]<\/p>\n","protected":false},"author":3,"featured_media":39884,"comment_status":"open","ping_status":"open","sticky":false,"template":"","format":"standard","meta":{"footnotes":""},"categories":[85],"tags":[],"class_list":["post-39881","post","type-post","status-publish","format-standard","has-post-thumbnail","hentry","category-espana"],"_links":{"self":[{"href":"https:\/\/2horizontes.com\/index.php?rest_route=\/wp\/v2\/posts\/39881","targetHints":{"allow":["GET"]}}],"collection":[{"href":"https:\/\/2horizontes.com\/index.php?rest_route=\/wp\/v2\/posts"}],"about":[{"href":"https:\/\/2horizontes.com\/index.php?rest_route=\/wp\/v2\/types\/post"}],"author":[{"embeddable":true,"href":"https:\/\/2horizontes.com\/index.php?rest_route=\/wp\/v2\/users\/3"}],"replies":[{"embeddable":true,"href":"https:\/\/2horizontes.com\/index.php?rest_route=%2Fwp%2Fv2%2Fcomments&post=39881"}],"version-history":[{"count":1,"href":"https:\/\/2horizontes.com\/index.php?rest_route=\/wp\/v2\/posts\/39881\/revisions"}],"predecessor-version":[{"id":39885,"href":"https:\/\/2horizontes.com\/index.php?rest_route=\/wp\/v2\/posts\/39881\/revisions\/39885"}],"wp:featuredmedia":[{"embeddable":true,"href":"https:\/\/2horizontes.com\/index.php?rest_route=\/wp\/v2\/media\/39884"}],"wp:attachment":[{"href":"https:\/\/2horizontes.com\/index.php?rest_route=%2Fwp%2Fv2%2Fmedia&parent=39881"}],"wp:term":[{"taxonomy":"category","embeddable":true,"href":"https:\/\/2horizontes.com\/index.php?rest_route=%2Fwp%2Fv2%2Fcategories&post=39881"},{"taxonomy":"post_tag","embeddable":true,"href":"https:\/\/2horizontes.com\/index.php?rest_route=%2Fwp%2Fv2%2Ftags&post=39881"}],"curies":[{"name":"wp","href":"https:\/\/api.w.org\/{rel}","templated":true}]}}